{"id":4768,"date":"2017-09-19T19:14:02","date_gmt":"2017-09-19T18:14:02","guid":{"rendered":"http:\/\/www.pfarregersthof.at\/komm\/?p=4768"},"modified":"2017-09-28T18:00:44","modified_gmt":"2017-09-28T17:00:44","slug":"oekumenischer-erntedank-22-9","status":"publish","type":"post","link":"https:\/\/www.pfarregersthof.at\/komm\/2017\/09\/oekumenischer-erntedank-22-9\/","title":{"rendered":"\u00d6kumenischer Erntedank (22.9.)"},"content":{"rendered":"<p>Zum \u00d6kumenischen Erntedank im Sch\u00f6pfungsmonat laden die vernetzten Dekanate 13 bis 19 herzlich ein!<\/p>\n<p>Freitag, 22. 09.2017: Treffpunkt um 17.30 Uhr in Neuwaldegg (Endstation der Stra\u00dfenbahn 43 \u2013 St. Anna Kapelle)<br \/>\num 18.00 Uhr \u00d6kumenische Andacht mit Pfr. Dr. Kimmel (Dornbach) und Pfrin. Mag. Barbara Heyse-Schaefer (Lutherkirche) in der Pfarre Dornbach.<br \/>\nAnschlie\u00dfend Erntedank \u2013 Heuriger.<\/p>\n<p>Auf zahlreiche Teilnahme und netten Gespr\u00e4che hofft<\/p>\n<p><span style=\"color: #3366ff;\"><em>Heinrich Bica<\/em><\/span><\/p>\n","protected":false},"excerpt":{"rendered":"<p>Zum \u00d6kumenischen Erntedank im Sch\u00f6pfungsmonat laden die vernetzten Dekanate 13 bis 19 herzlich ein! Freitag, 22. 09.2017: Treffpunkt um 17.30 Uhr in Neuwaldegg (Endstation der Stra\u00dfenbahn 43 \u2013 St. Anna Kapelle) um 18.00 Uhr \u00d6kumenische Andacht mit Pfr. Dr. Kimmel (Dornbach) und Pfrin. Mag. Barbara Heyse-Schaefer (Lutherkirche) in der Pfarre Dornbach. Anschlie\u00dfend Erntedank \u2013 Heuriger. [&hellip;]<\/p>\n","protected":false},"author":2,"featured_media":0,"comment_status":"open","ping_status":"open","sticky":false,"template":"","format":"standard","meta":{"ngg_post_thumbnail":0,"footnotes":""},"categories":[7],"tags":[],"class_list":{"0":"post-4768","1":"post","2":"type-post","3":"status-publish","4":"format-standard","6":"category-archiv"},"publishpress_future_action":{"enabled":false,"date":"2026-05-04 18:10:50","action":"category","newStatus":"draft","terms":[],"taxonomy":"category","extraData":[]},"publishpress_future_workflow_manual_trigger":{"enabledWorkflows":[]},"_links":{"self":[{"href":"https:\/\/www.pfarregersthof.at\/komm\/wp-json\/wp\/v2\/posts\/4768","targetHints":{"allow":["GET"]}}],"collection":[{"href":"https:\/\/www.pfarregersthof.at\/komm\/wp-json\/wp\/v2\/posts"}],"about":[{"href":"https:\/\/www.pfarregersthof.at\/komm\/wp-json\/wp\/v2\/types\/post"}],"author":[{"embeddable":true,"href":"https:\/\/www.pfarregersthof.at\/komm\/wp-json\/wp\/v2\/users\/2"}],"replies":[{"embeddable":true,"href":"https:\/\/www.pfarregersthof.at\/komm\/wp-json\/wp\/v2\/comments?post=4768"}],"version-history":[{"count":1,"href":"https:\/\/www.pfarregersthof.at\/komm\/wp-json\/wp\/v2\/posts\/4768\/revisions"}],"predecessor-version":[{"id":4769,"href":"https:\/\/www.pfarregersthof.at\/komm\/wp-json\/wp\/v2\/posts\/4768\/revisions\/4769"}],"wp:attachment":[{"href":"https:\/\/www.pfarregersthof.at\/komm\/wp-json\/wp\/v2\/media?parent=4768"}],"wp:term":[{"taxonomy":"category","embeddable":true,"href":"https:\/\/www.pfarregersthof.at\/komm\/wp-json\/wp\/v2\/categories?post=4768"},{"taxonomy":"post_tag","embeddable":true,"href":"https:\/\/www.pfarregersthof.at\/komm\/wp-json\/wp\/v2\/tags?post=4768"}],"curies":[{"name":"wp","href":"https:\/\/api.w.org\/{rel}","templated":true}]}}