{"id":4824,"date":"2017-10-09T07:24:51","date_gmt":"2017-10-09T06:24:51","guid":{"rendered":"http:\/\/www.pfarregersthof.at\/komm\/?p=4824"},"modified":"2017-10-19T18:48:48","modified_gmt":"2017-10-19T17:48:48","slug":"donnerstagstreff-franziskus-unter-den-woelfen-12-10","status":"publish","type":"post","link":"https:\/\/www.pfarregersthof.at\/komm\/2017\/10\/donnerstagstreff-franziskus-unter-den-woelfen-12-10\/","title":{"rendered":"Donnerstagstreff: &#8222;Franziskus unter den W\u00f6lfen&#8220; (12.10.)"},"content":{"rendered":"<p>Dr. Peter Pawlowsky war viele Jahre Chef der Hauptabteilung Religion im ORF-Fernsehen. Davor redigierte er den Informationsdienst der Wiener Di\u00f6zesansynode nach dem Konzil und leitete als innpolitischer Journalist die Wiener Redaktion der Wochenzeitschrift \u201epr\u00e4sent\u201c. Er engagiert sich bis heute in der Reformbewegung \u201eLaieninitiative\u201c.<\/p>\n<p>\u201cFranziskus unter den W\u00f6lfen\u201c: Das ist der treffende Titel des Buches von Marco Politi, eines der besten Kenner des Vatikans. Seit viereinhalb Jahren amtiert nun Papst Franziskus. Hat er die Kirche ver\u00e4ndert oder hindert ihn eine Rotte reaktion\u00e4rer \u201eW\u00f6lfe\u201c, sich durchzusetzen? Lassen die Bisch\u00f6fe den Papst im Stich?<\/p>\n<p>Im R\u00fcckblick auf 500 Jahre Reformation, muss heute die r\u00f6mische Kirche selbst dar\u00fcber nachdenken, welche Reformen dringend notwendig sind. Werden sich Kirchenaustritte und Priestermangel stoppen lassen? Ein Abend, der Illusionen zerst\u00f6rt, aber die Hoffnung wach h\u00e4lt.<\/p>\n<p>Auf zahlreichen Besuch beim n\u00e4chsten <strong>Donnerstagtreff am 12.10 um 19:30 Uhr<\/strong> im Gemeindezentrum (Bastiengasse 18) freut sich<br \/>\n<span style=\"color: #3366ff;\"><em>Heinrich Bica<\/em><\/span><\/p>\n","protected":false},"excerpt":{"rendered":"<p>Dr. Peter Pawlowsky war viele Jahre Chef der Hauptabteilung Religion im ORF-Fernsehen. Davor redigierte er den Informationsdienst der Wiener Di\u00f6zesansynode nach dem Konzil und leitete als innpolitischer Journalist die Wiener Redaktion der Wochenzeitschrift \u201epr\u00e4sent\u201c. Er engagiert sich bis heute in der Reformbewegung \u201eLaieninitiative\u201c. \u201cFranziskus unter den W\u00f6lfen\u201c: Das ist der treffende Titel des Buches von [&hellip;]<\/p>\n","protected":false},"author":2,"featured_media":0,"comment_status":"open","ping_status":"open","sticky":false,"template":"","format":"standard","meta":{"ngg_post_thumbnail":0,"footnotes":""},"categories":[7],"tags":[],"class_list":{"0":"post-4824","1":"post","2":"type-post","3":"status-publish","4":"format-standard","6":"category-archiv"},"publishpress_future_action":{"enabled":false,"date":"2026-05-04 16:03:02","action":"category","newStatus":"draft","terms":[],"taxonomy":"category","extraData":[]},"publishpress_future_workflow_manual_trigger":{"enabledWorkflows":[]},"_links":{"self":[{"href":"https:\/\/www.pfarregersthof.at\/komm\/wp-json\/wp\/v2\/posts\/4824","targetHints":{"allow":["GET"]}}],"collection":[{"href":"https:\/\/www.pfarregersthof.at\/komm\/wp-json\/wp\/v2\/posts"}],"about":[{"href":"https:\/\/www.pfarregersthof.at\/komm\/wp-json\/wp\/v2\/types\/post"}],"author":[{"embeddable":true,"href":"https:\/\/www.pfarregersthof.at\/komm\/wp-json\/wp\/v2\/users\/2"}],"replies":[{"embeddable":true,"href":"https:\/\/www.pfarregersthof.at\/komm\/wp-json\/wp\/v2\/comments?post=4824"}],"version-history":[{"count":1,"href":"https:\/\/www.pfarregersthof.at\/komm\/wp-json\/wp\/v2\/posts\/4824\/revisions"}],"predecessor-version":[{"id":4825,"href":"https:\/\/www.pfarregersthof.at\/komm\/wp-json\/wp\/v2\/posts\/4824\/revisions\/4825"}],"wp:attachment":[{"href":"https:\/\/www.pfarregersthof.at\/komm\/wp-json\/wp\/v2\/media?parent=4824"}],"wp:term":[{"taxonomy":"category","embeddable":true,"href":"https:\/\/www.pfarregersthof.at\/komm\/wp-json\/wp\/v2\/categories?post=4824"},{"taxonomy":"post_tag","embeddable":true,"href":"https:\/\/www.pfarregersthof.at\/komm\/wp-json\/wp\/v2\/tags?post=4824"}],"curies":[{"name":"wp","href":"https:\/\/api.w.org\/{rel}","templated":true}]}}