{"id":4832,"date":"2017-10-09T07:20:44","date_gmt":"2017-10-09T06:20:44","guid":{"rendered":"http:\/\/www.pfarregersthof.at\/komm\/?p=4832"},"modified":"2017-10-19T18:48:59","modified_gmt":"2017-10-19T17:48:59","slug":"helga-demmer-linolschnitte-15-10","status":"publish","type":"post","link":"https:\/\/www.pfarregersthof.at\/komm\/2017\/10\/helga-demmer-linolschnitte-15-10\/","title":{"rendered":"Helga Demmer-Linolschnitte (15.10.)"},"content":{"rendered":"<p>Mag. Helga Demmer, eine tolle K\u00fcnstlerin und eifrige Beterin, w\u00e4re am 3.10. 90 Jahre alt geworden. In Wertsch\u00e4tzung habe ich Linolschnitte gesammelt und m\u00f6chte mich nun von diesen gerahmten Bildern trennen.<\/p>\n<p>Die Verkaufsausstellung findet am Sonntag, den 15. Oktober nach dem 10.00 Gottesdienst in der Osterkapelle statt.<br \/>\nDazu l\u00e4dt ein:<br \/>\n<span style=\"color: #3366ff;\"><em>Pfarrer Norbert<\/em><\/span><\/p>\n","protected":false},"excerpt":{"rendered":"<p>Mag. Helga Demmer, eine tolle K\u00fcnstlerin und eifrige Beterin, w\u00e4re am 3.10. 90 Jahre alt geworden. In Wertsch\u00e4tzung habe ich Linolschnitte gesammelt und m\u00f6chte mich nun von diesen gerahmten Bildern trennen. Die Verkaufsausstellung findet am Sonntag, den 15. Oktober nach dem 10.00 Gottesdienst in der Osterkapelle statt. Dazu l\u00e4dt ein: Pfarrer Norbert<\/p>\n","protected":false},"author":2,"featured_media":0,"comment_status":"open","ping_status":"open","sticky":false,"template":"","format":"standard","meta":{"ngg_post_thumbnail":0,"footnotes":""},"categories":[7],"tags":[],"class_list":{"0":"post-4832","1":"post","2":"type-post","3":"status-publish","4":"format-standard","6":"category-archiv"},"publishpress_future_action":{"enabled":false,"date":"2026-05-06 10:20:16","action":"category","newStatus":"draft","terms":[],"taxonomy":"category","extraData":[]},"publishpress_future_workflow_manual_trigger":{"enabledWorkflows":[]},"_links":{"self":[{"href":"https:\/\/www.pfarregersthof.at\/komm\/wp-json\/wp\/v2\/posts\/4832","targetHints":{"allow":["GET"]}}],"collection":[{"href":"https:\/\/www.pfarregersthof.at\/komm\/wp-json\/wp\/v2\/posts"}],"about":[{"href":"https:\/\/www.pfarregersthof.at\/komm\/wp-json\/wp\/v2\/types\/post"}],"author":[{"embeddable":true,"href":"https:\/\/www.pfarregersthof.at\/komm\/wp-json\/wp\/v2\/users\/2"}],"replies":[{"embeddable":true,"href":"https:\/\/www.pfarregersthof.at\/komm\/wp-json\/wp\/v2\/comments?post=4832"}],"version-history":[{"count":1,"href":"https:\/\/www.pfarregersthof.at\/komm\/wp-json\/wp\/v2\/posts\/4832\/revisions"}],"predecessor-version":[{"id":4833,"href":"https:\/\/www.pfarregersthof.at\/komm\/wp-json\/wp\/v2\/posts\/4832\/revisions\/4833"}],"wp:attachment":[{"href":"https:\/\/www.pfarregersthof.at\/komm\/wp-json\/wp\/v2\/media?parent=4832"}],"wp:term":[{"taxonomy":"category","embeddable":true,"href":"https:\/\/www.pfarregersthof.at\/komm\/wp-json\/wp\/v2\/categories?post=4832"},{"taxonomy":"post_tag","embeddable":true,"href":"https:\/\/www.pfarregersthof.at\/komm\/wp-json\/wp\/v2\/tags?post=4832"}],"curies":[{"name":"wp","href":"https:\/\/api.w.org\/{rel}","templated":true}]}}