{"id":4834,"date":"2017-10-19T18:50:32","date_gmt":"2017-10-19T17:50:32","guid":{"rendered":"http:\/\/www.pfarregersthof.at\/komm\/?p=4834"},"modified":"2017-11-01T18:27:32","modified_gmt":"2017-11-01T17:27:32","slug":"ueber-jesu-zentrale-gebote-reden-29-10","status":"publish","type":"post","link":"https:\/\/www.pfarregersthof.at\/komm\/2017\/10\/ueber-jesu-zentrale-gebote-reden-29-10\/","title":{"rendered":"\u00dcber Jesu zentrale Gebote reden (So 29.10.)"},"content":{"rendered":"<p>Am Sonntag, 29.10., ist einem sehr kurzen Evangelium eine zentrale Botschaft Jesu zu h\u00f6ren: von zwei Geboten &#8211; liebe deinen Gott, liebe deinen N\u00e4chsten &#8211; gehen all weiteren Regeln unseres Glaubens aus.<\/p>\n<p>Wer nicht nur zuh\u00f6ren will, ist zur <strong>Bibelnachrede<\/strong> eingeladen: in zirka einer halben Stunde nach dem 10 Uhr-Gottesdienst kann jede und jeder sagen, welche Gedanken dazu gekommen sind, welche Fragen sich gestellt haben oder was einen daran \u00e4rgert. Wir bieten wieder dieses Nach-Gespr\u00e4ch in einer kleinen Gruppe an und laden am <strong>Sonntag, 29.10.2017, nach der 10 Uhr Messe in die Osterkapelle der Pfarrkirche<\/strong> ein.<\/p>\n<p><span style=\"color: #3366ff;\"><em>Michael Steidl<\/em><\/span><\/p>\n","protected":false},"excerpt":{"rendered":"<p>Am Sonntag, 29.10., ist einem sehr kurzen Evangelium eine zentrale Botschaft Jesu zu h\u00f6ren: von zwei Geboten &#8211; liebe deinen Gott, liebe deinen N\u00e4chsten &#8211; gehen all weiteren Regeln unseres Glaubens aus. Wer nicht nur zuh\u00f6ren will, ist zur Bibelnachrede eingeladen: in zirka einer halben Stunde nach dem 10 Uhr-Gottesdienst kann jede und jeder sagen, [&hellip;]<\/p>\n","protected":false},"author":2,"featured_media":0,"comment_status":"open","ping_status":"open","sticky":false,"template":"","format":"standard","meta":{"ngg_post_thumbnail":0,"footnotes":""},"categories":[7],"tags":[],"class_list":{"0":"post-4834","1":"post","2":"type-post","3":"status-publish","4":"format-standard","6":"category-archiv"},"publishpress_future_action":{"enabled":false,"date":"2026-05-05 02:11:31","action":"category","newStatus":"draft","terms":[],"taxonomy":"category","extraData":[]},"publishpress_future_workflow_manual_trigger":{"enabledWorkflows":[]},"_links":{"self":[{"href":"https:\/\/www.pfarregersthof.at\/komm\/wp-json\/wp\/v2\/posts\/4834","targetHints":{"allow":["GET"]}}],"collection":[{"href":"https:\/\/www.pfarregersthof.at\/komm\/wp-json\/wp\/v2\/posts"}],"about":[{"href":"https:\/\/www.pfarregersthof.at\/komm\/wp-json\/wp\/v2\/types\/post"}],"author":[{"embeddable":true,"href":"https:\/\/www.pfarregersthof.at\/komm\/wp-json\/wp\/v2\/users\/2"}],"replies":[{"embeddable":true,"href":"https:\/\/www.pfarregersthof.at\/komm\/wp-json\/wp\/v2\/comments?post=4834"}],"version-history":[{"count":1,"href":"https:\/\/www.pfarregersthof.at\/komm\/wp-json\/wp\/v2\/posts\/4834\/revisions"}],"predecessor-version":[{"id":4835,"href":"https:\/\/www.pfarregersthof.at\/komm\/wp-json\/wp\/v2\/posts\/4834\/revisions\/4835"}],"wp:attachment":[{"href":"https:\/\/www.pfarregersthof.at\/komm\/wp-json\/wp\/v2\/media?parent=4834"}],"wp:term":[{"taxonomy":"category","embeddable":true,"href":"https:\/\/www.pfarregersthof.at\/komm\/wp-json\/wp\/v2\/categories?post=4834"},{"taxonomy":"post_tag","embeddable":true,"href":"https:\/\/www.pfarregersthof.at\/komm\/wp-json\/wp\/v2\/tags?post=4834"}],"curies":[{"name":"wp","href":"https:\/\/api.w.org\/{rel}","templated":true}]}}