{"id":4838,"date":"2017-10-19T18:52:16","date_gmt":"2017-10-19T17:52:16","guid":{"rendered":"http:\/\/www.pfarregersthof.at\/komm\/?p=4838"},"modified":"2017-11-01T18:27:23","modified_gmt":"2017-11-01T17:27:23","slug":"60plus-plaene-werden-geschmiedet-25-10","status":"publish","type":"post","link":"https:\/\/www.pfarregersthof.at\/komm\/2017\/10\/60plus-plaene-werden-geschmiedet-25-10\/","title":{"rendered":"60plus: Pl\u00e4ne werden geschmiedet (25.10.)"},"content":{"rendered":"<p>Am Mittwoch, den 25. Oktober, laden wir um 15.00 Uhr zu einem gem\u00fctlichen Beisammensein in unser Gemeindezentrum (Bastiengasse 18) ein. Vieles hat sich ja seit unserem letzten Treffen ereignet! Neue Pl\u00e4ne m\u00fcssen geschmiedet werden etc.&nbsp;&nbsp;<br \/>\nAuf ein fr\u00f6hliches Beisammensein freuen sich<br \/>\n<span style=\"color: #3366ff;\"><em>Sissy P\u00e4chter und Team<\/em><\/span><\/p>\n","protected":false},"excerpt":{"rendered":"<p>Am Mittwoch, den 25. Oktober, laden wir um 15.00 Uhr zu einem gem\u00fctlichen Beisammensein in unser Gemeindezentrum (Bastiengasse 18) ein. Vieles hat sich ja seit unserem letzten Treffen ereignet! Neue Pl\u00e4ne m\u00fcssen geschmiedet werden etc.&nbsp;&nbsp; Auf ein fr\u00f6hliches Beisammensein freuen sich Sissy P\u00e4chter und Team<\/p>\n","protected":false},"author":2,"featured_media":0,"comment_status":"open","ping_status":"open","sticky":false,"template":"","format":"standard","meta":{"ngg_post_thumbnail":0,"footnotes":""},"categories":[7],"tags":[],"class_list":{"0":"post-4838","1":"post","2":"type-post","3":"status-publish","4":"format-standard","6":"category-archiv"},"publishpress_future_action":{"enabled":false,"date":"2026-05-05 04:06:27","action":"category","newStatus":"draft","terms":[],"taxonomy":"category","extraData":[]},"publishpress_future_workflow_manual_trigger":{"enabledWorkflows":[]},"_links":{"self":[{"href":"https:\/\/www.pfarregersthof.at\/komm\/wp-json\/wp\/v2\/posts\/4838","targetHints":{"allow":["GET"]}}],"collection":[{"href":"https:\/\/www.pfarregersthof.at\/komm\/wp-json\/wp\/v2\/posts"}],"about":[{"href":"https:\/\/www.pfarregersthof.at\/komm\/wp-json\/wp\/v2\/types\/post"}],"author":[{"embeddable":true,"href":"https:\/\/www.pfarregersthof.at\/komm\/wp-json\/wp\/v2\/users\/2"}],"replies":[{"embeddable":true,"href":"https:\/\/www.pfarregersthof.at\/komm\/wp-json\/wp\/v2\/comments?post=4838"}],"version-history":[{"count":1,"href":"https:\/\/www.pfarregersthof.at\/komm\/wp-json\/wp\/v2\/posts\/4838\/revisions"}],"predecessor-version":[{"id":4839,"href":"https:\/\/www.pfarregersthof.at\/komm\/wp-json\/wp\/v2\/posts\/4838\/revisions\/4839"}],"wp:attachment":[{"href":"https:\/\/www.pfarregersthof.at\/komm\/wp-json\/wp\/v2\/media?parent=4838"}],"wp:term":[{"taxonomy":"category","embeddable":true,"href":"https:\/\/www.pfarregersthof.at\/komm\/wp-json\/wp\/v2\/categories?post=4838"},{"taxonomy":"post_tag","embeddable":true,"href":"https:\/\/www.pfarregersthof.at\/komm\/wp-json\/wp\/v2\/tags?post=4838"}],"curies":[{"name":"wp","href":"https:\/\/api.w.org\/{rel}","templated":true}]}}