{"id":4840,"date":"2017-10-19T18:55:38","date_gmt":"2017-10-19T17:55:38","guid":{"rendered":"http:\/\/www.pfarregersthof.at\/komm\/?p=4840"},"modified":"2017-11-01T18:27:10","modified_gmt":"2017-11-01T17:27:10","slug":"sonntag-der-weltkirche-22-10","status":"publish","type":"post","link":"https:\/\/www.pfarregersthof.at\/komm\/2017\/10\/sonntag-der-weltkirche-22-10\/","title":{"rendered":"Sonntag der Weltkirche (22.10.)"},"content":{"rendered":"<p>Am 22. Oktober, am Sonntag der Weltkirche,&nbsp;findet nach der 10h Uhr-Messe der erste Suppensonntag des Arbeitsjahres statt. Familie M\u00f6stl und Familie Gamillscheg bereiten diesen Termin vor, die Spenden gehen an unsere beiden <a href=\"\/komm\/pfarre-von-a-z\/information\/weltweite-partnerschaften\/\">Indienpartnerschaften <\/a>in Nord- und S\u00fcdindien. Die beliebten Topfenkn\u00f6del wird es wieder geben.<\/p>\n<p>Wir hoffen auf viele BesucherInnen, wer uns unterst\u00fctzen m\u00f6chte (mit Speisen oder Mithilfe) kann sich gerne unter <a href=\"mailto:b.gamillscheg@gmx.at\">b.gamillscheg@gmx.at<\/a> melden.<br \/>\n<span style=\"color: #3366ff;\"><em>Familien M\u00f6stl und Gamillscheg<\/em><\/span><\/p>\n","protected":false},"excerpt":{"rendered":"<p>Am 22. Oktober, am Sonntag der Weltkirche,&nbsp;findet nach der 10h Uhr-Messe der erste Suppensonntag des Arbeitsjahres statt. Familie M\u00f6stl und Familie Gamillscheg bereiten diesen Termin vor, die Spenden gehen an unsere beiden Indienpartnerschaften in Nord- und S\u00fcdindien. Die beliebten Topfenkn\u00f6del wird es wieder geben. Wir hoffen auf viele BesucherInnen, wer uns unterst\u00fctzen m\u00f6chte (mit Speisen [&hellip;]<\/p>\n","protected":false},"author":2,"featured_media":0,"comment_status":"open","ping_status":"open","sticky":false,"template":"","format":"standard","meta":{"ngg_post_thumbnail":0,"footnotes":""},"categories":[7],"tags":[],"class_list":{"0":"post-4840","1":"post","2":"type-post","3":"status-publish","4":"format-standard","6":"category-archiv"},"publishpress_future_action":{"enabled":false,"date":"2026-05-05 07:50:59","action":"category","newStatus":"draft","terms":[],"taxonomy":"category","extraData":[]},"publishpress_future_workflow_manual_trigger":{"enabledWorkflows":[]},"_links":{"self":[{"href":"https:\/\/www.pfarregersthof.at\/komm\/wp-json\/wp\/v2\/posts\/4840","targetHints":{"allow":["GET"]}}],"collection":[{"href":"https:\/\/www.pfarregersthof.at\/komm\/wp-json\/wp\/v2\/posts"}],"about":[{"href":"https:\/\/www.pfarregersthof.at\/komm\/wp-json\/wp\/v2\/types\/post"}],"author":[{"embeddable":true,"href":"https:\/\/www.pfarregersthof.at\/komm\/wp-json\/wp\/v2\/users\/2"}],"replies":[{"embeddable":true,"href":"https:\/\/www.pfarregersthof.at\/komm\/wp-json\/wp\/v2\/comments?post=4840"}],"version-history":[{"count":1,"href":"https:\/\/www.pfarregersthof.at\/komm\/wp-json\/wp\/v2\/posts\/4840\/revisions"}],"predecessor-version":[{"id":4843,"href":"https:\/\/www.pfarregersthof.at\/komm\/wp-json\/wp\/v2\/posts\/4840\/revisions\/4843"}],"wp:attachment":[{"href":"https:\/\/www.pfarregersthof.at\/komm\/wp-json\/wp\/v2\/media?parent=4840"}],"wp:term":[{"taxonomy":"category","embeddable":true,"href":"https:\/\/www.pfarregersthof.at\/komm\/wp-json\/wp\/v2\/categories?post=4840"},{"taxonomy":"post_tag","embeddable":true,"href":"https:\/\/www.pfarregersthof.at\/komm\/wp-json\/wp\/v2\/tags?post=4840"}],"curies":[{"name":"wp","href":"https:\/\/api.w.org\/{rel}","templated":true}]}}