{"id":4844,"date":"2017-10-19T18:01:55","date_gmt":"2017-10-19T17:01:55","guid":{"rendered":"http:\/\/www.pfarregersthof.at\/komm\/?p=4844"},"modified":"2017-11-18T16:01:56","modified_gmt":"2017-11-18T15:01:56","slug":"185-fahrten-nach-bosnien-als-video-16-11","status":"publish","type":"post","link":"https:\/\/www.pfarregersthof.at\/komm\/2017\/10\/185-fahrten-nach-bosnien-als-video-16-11\/","title":{"rendered":"185 Fahrten nach Bosnien &#8211; als Video (16.11.)"},"content":{"rendered":"<p><strong>26 Jahre Bosnienhilfe&nbsp; &#8211; 185 Fahrten zu dem \u00c4rmsten der Armen in Bosnien<\/strong><\/p>\n<p>Unter diesem Titel laden Annemarie Kury, Karl Schiller &nbsp;und Dorli Schiller-Berg zu einem Bericht mit Videos \u00fcber die vielen Reisen nach Bosnien ein, aus tiefer Dankbarkeit gegen\u00fcber den vielen Freunden und Spendern f\u00fcr die \u00c4rmsten der Armen in Bosnien.<\/p>\n<p>Wann und wo: <strong>Donnerstag, 16. November, um 19:00 Uhr in der Pfarrkirche am Bischof-Faber Platz<\/strong>.<\/p>\n<p>&nbsp;<\/p>\n","protected":false},"excerpt":{"rendered":"<p>26 Jahre Bosnienhilfe&nbsp; &#8211; 185 Fahrten zu dem \u00c4rmsten der Armen in Bosnien Unter diesem Titel laden Annemarie Kury, Karl Schiller &nbsp;und Dorli Schiller-Berg zu einem Bericht mit Videos \u00fcber die vielen Reisen nach Bosnien ein, aus tiefer Dankbarkeit gegen\u00fcber den vielen Freunden und Spendern f\u00fcr die \u00c4rmsten der Armen in Bosnien. Wann und wo: [&hellip;]<\/p>\n","protected":false},"author":2,"featured_media":0,"comment_status":"open","ping_status":"open","sticky":false,"template":"","format":"standard","meta":{"ngg_post_thumbnail":0,"footnotes":""},"categories":[7],"tags":[],"class_list":{"0":"post-4844","1":"post","2":"type-post","3":"status-publish","4":"format-standard","6":"category-archiv"},"publishpress_future_action":{"enabled":false,"date":"2026-05-04 19:33:13","action":"category","newStatus":"draft","terms":[],"taxonomy":"category","extraData":[]},"publishpress_future_workflow_manual_trigger":{"enabledWorkflows":[]},"_links":{"self":[{"href":"https:\/\/www.pfarregersthof.at\/komm\/wp-json\/wp\/v2\/posts\/4844","targetHints":{"allow":["GET"]}}],"collection":[{"href":"https:\/\/www.pfarregersthof.at\/komm\/wp-json\/wp\/v2\/posts"}],"about":[{"href":"https:\/\/www.pfarregersthof.at\/komm\/wp-json\/wp\/v2\/types\/post"}],"author":[{"embeddable":true,"href":"https:\/\/www.pfarregersthof.at\/komm\/wp-json\/wp\/v2\/users\/2"}],"replies":[{"embeddable":true,"href":"https:\/\/www.pfarregersthof.at\/komm\/wp-json\/wp\/v2\/comments?post=4844"}],"version-history":[{"count":3,"href":"https:\/\/www.pfarregersthof.at\/komm\/wp-json\/wp\/v2\/posts\/4844\/revisions"}],"predecessor-version":[{"id":4847,"href":"https:\/\/www.pfarregersthof.at\/komm\/wp-json\/wp\/v2\/posts\/4844\/revisions\/4847"}],"wp:attachment":[{"href":"https:\/\/www.pfarregersthof.at\/komm\/wp-json\/wp\/v2\/media?parent=4844"}],"wp:term":[{"taxonomy":"category","embeddable":true,"href":"https:\/\/www.pfarregersthof.at\/komm\/wp-json\/wp\/v2\/categories?post=4844"},{"taxonomy":"post_tag","embeddable":true,"href":"https:\/\/www.pfarregersthof.at\/komm\/wp-json\/wp\/v2\/tags?post=4844"}],"curies":[{"name":"wp","href":"https:\/\/api.w.org\/{rel}","templated":true}]}}