{"id":4855,"date":"2017-11-01T18:30:10","date_gmt":"2017-11-01T17:30:10","guid":{"rendered":"http:\/\/www.pfarregersthof.at\/komm\/?p=4855"},"modified":"2017-11-12T16:33:30","modified_gmt":"2017-11-12T15:33:30","slug":"pogrom-gedenken-8-11","status":"publish","type":"post","link":"https:\/\/www.pfarregersthof.at\/komm\/2017\/11\/pogrom-gedenken-8-11\/","title":{"rendered":"Pogrom-Gedenken (8.11.)"},"content":{"rendered":"<p>Herzliche Einladung zum:<br \/>\n\u00d6kumenischen Pogrom-Gedenken am Mittwoch, 8.11.2017 um 18.30 Uhr im Koordinierungsausschuss f\u00fcr christliche-j\u00fcdische Zusammenarbeit, 1020 Wien, Tandelmarktgasse 5.<br \/>\n\u201eGEDENKEN AN DIE DEPORTIERTEN AUS DER HERMINENGASSE\u201c.<\/p>\n<p>Auf rege Teilnahme hofft<br \/>\n<span style=\"color: #3366ff;\"><em>Dr. Heinrich Bica<\/em><\/span><\/p>\n","protected":false},"excerpt":{"rendered":"<p>Herzliche Einladung zum: \u00d6kumenischen Pogrom-Gedenken am Mittwoch, 8.11.2017 um 18.30 Uhr im Koordinierungsausschuss f\u00fcr christliche-j\u00fcdische Zusammenarbeit, 1020 Wien, Tandelmarktgasse 5. \u201eGEDENKEN AN DIE DEPORTIERTEN AUS DER HERMINENGASSE\u201c. Auf rege Teilnahme hofft Dr. Heinrich Bica<\/p>\n","protected":false},"author":2,"featured_media":0,"comment_status":"open","ping_status":"open","sticky":false,"template":"","format":"standard","meta":{"ngg_post_thumbnail":0,"footnotes":""},"categories":[7],"tags":[],"class_list":{"0":"post-4855","1":"post","2":"type-post","3":"status-publish","4":"format-standard","6":"category-archiv"},"publishpress_future_action":{"enabled":false,"date":"2026-05-05 07:49:34","action":"category","newStatus":"draft","terms":[],"taxonomy":"category","extraData":[]},"publishpress_future_workflow_manual_trigger":{"enabledWorkflows":[]},"_links":{"self":[{"href":"https:\/\/www.pfarregersthof.at\/komm\/wp-json\/wp\/v2\/posts\/4855","targetHints":{"allow":["GET"]}}],"collection":[{"href":"https:\/\/www.pfarregersthof.at\/komm\/wp-json\/wp\/v2\/posts"}],"about":[{"href":"https:\/\/www.pfarregersthof.at\/komm\/wp-json\/wp\/v2\/types\/post"}],"author":[{"embeddable":true,"href":"https:\/\/www.pfarregersthof.at\/komm\/wp-json\/wp\/v2\/users\/2"}],"replies":[{"embeddable":true,"href":"https:\/\/www.pfarregersthof.at\/komm\/wp-json\/wp\/v2\/comments?post=4855"}],"version-history":[{"count":1,"href":"https:\/\/www.pfarregersthof.at\/komm\/wp-json\/wp\/v2\/posts\/4855\/revisions"}],"predecessor-version":[{"id":4856,"href":"https:\/\/www.pfarregersthof.at\/komm\/wp-json\/wp\/v2\/posts\/4855\/revisions\/4856"}],"wp:attachment":[{"href":"https:\/\/www.pfarregersthof.at\/komm\/wp-json\/wp\/v2\/media?parent=4855"}],"wp:term":[{"taxonomy":"category","embeddable":true,"href":"https:\/\/www.pfarregersthof.at\/komm\/wp-json\/wp\/v2\/categories?post=4855"},{"taxonomy":"post_tag","embeddable":true,"href":"https:\/\/www.pfarregersthof.at\/komm\/wp-json\/wp\/v2\/tags?post=4855"}],"curies":[{"name":"wp","href":"https:\/\/api.w.org\/{rel}","templated":true}]}}