{"id":4860,"date":"2017-11-02T14:55:01","date_gmt":"2017-11-02T13:55:01","guid":{"rendered":"http:\/\/www.pfarregersthof.at\/komm\/?p=4860"},"modified":"2017-11-18T16:24:04","modified_gmt":"2017-11-18T15:24:04","slug":"bildungsfruehschoppen-12-19-26-11","status":"publish","type":"post","link":"https:\/\/www.pfarregersthof.at\/komm\/2017\/11\/bildungsfruehschoppen-12-19-26-11\/","title":{"rendered":"Bildungsfr\u00fchschoppen (12.+19.+26.11.)"},"content":{"rendered":"<p>Am <strong>Sonntag, dem 12. November 2017<\/strong>,<br \/>\nstartet eine weitere dreiteilige Staffel des Bildungs-Fr\u00fchschoppens der Pfarre Gersthof &#8211; St. Leopold, <strong>jeweils um 11:15 Uhr im Gemeindezentrum (Bastiengasse 18)<\/strong>.<\/p>\n<p>An diesem Sonntag wird der <strong><em>Nationaldirektor von \u201eKirche in Not\u201c Herbert RECHBERGER <\/em><\/strong>\u00fcber die <strong>\u201eChristenverfolgung heute\u201c<\/strong> berichten. Nie zuvor in der Geschichte sind so viele Christen verfolgt worden wie in unserer Zeit. Weltweit sind bis zu 200 Millionen Christen bedroht und wegen ihres Glaubens Verfolgungen ausgesetzt. In 60 Staaten werden Menschen in ihrer Religionsaus\u00fcbung behindert und in 14 Staaten davon kommt es zu schweren Verletzungen der Religionsfreiheit. Zu nennen sind hier L\u00e4nder wie die Volksrepublik China, Nordkorea, Myanmar, Indien, Saudi-Arabien, Irak, Pakistan, Sudan, \u00c4gypten, T\u00fcrkei ua. In den westlichen L\u00e4ndern und auch in \u00d6sterreich wird dieser Tatsache viel zu wenig Aufmerksamkeit geschenkt. Der Vortrag von Nationaldirektor RECHBERGER will Einblick in die Situation der verfolgten Christen geben und uns Gl\u00e4ubige im sicheren Westen f\u00fcr die bedr\u00fcckende Realit\u00e4t der Christenverfolgung sensibilisieren.<\/p>\n<p>Am darauffolgenden <strong>Sonntag, dem 19. November 2017<\/strong>,<br \/>\nwird <strong><em>Privatdozent Mag. Dr. Mihailo POPOVIC<\/em><\/strong>, Sekret\u00e4r von Seiner Eminenz des griechisch-orthodoxen Metropoliten von \u00d6sterreich&nbsp; Dr. Arsenios,&nbsp; <strong>Einblick in die griechisch-orthodoxe Kirche<\/strong> geben.<br \/>\nDie griechisch-orthodoxe Di\u00f6zese in \u00d6sterreich wurde kirchlich im Jahr 1963 errichtet und im Jahr 1967 von der Republik \u00d6sterreich als K\u00f6rperschaft \u00f6ffentlichen Rechts anerkannt.<br \/>\nDie Geschichte der Griechen in \u00d6sterreich geht allerdings viele Jahrhunderte zur\u00fcck. Derzeit gibt es in \u00d6sterreich rund 35.000 griechisch-orthodoxe Gl\u00e4ubige. Neben zwei griechischen Kirchengemeinden in Wien bestehen noch weitere Gemeinden in Linz, Salzburg, Innsbruck, Kufstein, Bregenz und Graz.<br \/>\nDie griechisch-orthodoxe Di\u00f6zese von \u00d6sterreich geh\u00f6rt zum \u00d6kumenischen Patriachat von Konstantinopel. Der \u00d6kumenische Patriarch in Konstantinopel ist das Oberhaupt der Orthodoxen Kirche.<\/p>\n<p>&nbsp;Schlie\u00dflich wird am <strong>Sonntag, dem 26. November 2017<\/strong>,<br \/>\nder Umweltbeauftragte der Erzdi\u00f6zese Wien und P\u00e4dagogische Mitarbeiter im Bildungshaus Gro\u00dfru\u00dfbach <strong><em>Dipl.- P\u00e4d. Markus GERHARTINGER<\/em><\/strong> unser Fr\u00fchschoppengast sein.<br \/>\nEr wird uns die Alle treffende <strong>Umweltverantwortung<\/strong> n\u00e4her bringen und besonders auf die am 18. Juni 2017 erlassene &nbsp;Enzyklika von Papst Franziskus \u201eLAUDATO SI\u00b4\u201c eingehen, in der der Papst sein tiefe Sorge \u201eum das gemeinsame Haus\u201c in sehr bewegenden Worten zum Ausdruck bringt. Mit der genannten Enzyklika wendet sich der Papst an jeden Menschen, der auf diesem Planeten wohnt.<\/p>\n<p>Herzliche Einladung zur Teilnahme,<br \/>\n<span style=\"color: #3366ff;\"><em>Dr. Wolfgang Fellner<\/em><\/span><br \/>\n<em>Stellvertretender Vorsitzender des PGR und Verantwortlicher f\u00fcr Bildungsfr\u00fchschoppen<\/em><\/p>\n","protected":false},"excerpt":{"rendered":"<p>Am Sonntag, dem 12. November 2017, startet eine weitere dreiteilige Staffel des Bildungs-Fr\u00fchschoppens der Pfarre Gersthof &#8211; St. Leopold, jeweils um 11:15 Uhr im Gemeindezentrum (Bastiengasse 18). An diesem Sonntag wird der Nationaldirektor von \u201eKirche in Not\u201c Herbert RECHBERGER \u00fcber die \u201eChristenverfolgung heute\u201c berichten. Nie zuvor in der Geschichte sind so viele Christen verfolgt worden [&hellip;]<\/p>\n","protected":false},"author":2,"featured_media":0,"comment_status":"open","ping_status":"open","sticky":false,"template":"","format":"standard","meta":{"ngg_post_thumbnail":0,"footnotes":""},"categories":[7],"tags":[],"class_list":{"0":"post-4860","1":"post","2":"type-post","3":"status-publish","4":"format-standard","6":"category-archiv"},"publishpress_future_action":{"enabled":false,"date":"2026-05-05 09:40:07","action":"category","newStatus":"draft","terms":[],"taxonomy":"category","extraData":[]},"publishpress_future_workflow_manual_trigger":{"enabledWorkflows":[]},"_links":{"self":[{"href":"https:\/\/www.pfarregersthof.at\/komm\/wp-json\/wp\/v2\/posts\/4860","targetHints":{"allow":["GET"]}}],"collection":[{"href":"https:\/\/www.pfarregersthof.at\/komm\/wp-json\/wp\/v2\/posts"}],"about":[{"href":"https:\/\/www.pfarregersthof.at\/komm\/wp-json\/wp\/v2\/types\/post"}],"author":[{"embeddable":true,"href":"https:\/\/www.pfarregersthof.at\/komm\/wp-json\/wp\/v2\/users\/2"}],"replies":[{"embeddable":true,"href":"https:\/\/www.pfarregersthof.at\/komm\/wp-json\/wp\/v2\/comments?post=4860"}],"version-history":[{"count":1,"href":"https:\/\/www.pfarregersthof.at\/komm\/wp-json\/wp\/v2\/posts\/4860\/revisions"}],"predecessor-version":[{"id":4861,"href":"https:\/\/www.pfarregersthof.at\/komm\/wp-json\/wp\/v2\/posts\/4860\/revisions\/4861"}],"wp:attachment":[{"href":"https:\/\/www.pfarregersthof.at\/komm\/wp-json\/wp\/v2\/media?parent=4860"}],"wp:term":[{"taxonomy":"category","embeddable":true,"href":"https:\/\/www.pfarregersthof.at\/komm\/wp-json\/wp\/v2\/categories?post=4860"},{"taxonomy":"post_tag","embeddable":true,"href":"https:\/\/www.pfarregersthof.at\/komm\/wp-json\/wp\/v2\/tags?post=4860"}],"curies":[{"name":"wp","href":"https:\/\/api.w.org\/{rel}","templated":true}]}}