{"id":4906,"date":"2017-11-12T16:55:52","date_gmt":"2017-11-12T15:55:52","guid":{"rendered":"http:\/\/www.pfarregersthof.at\/komm\/?p=4906"},"modified":"2018-12-13T12:22:04","modified_gmt":"2018-12-13T11:22:04","slug":"nacht-der-1000-lichter-2","status":"publish","type":"post","link":"https:\/\/www.pfarregersthof.at\/komm\/2017\/11\/nacht-der-1000-lichter-2\/","title":{"rendered":"Nacht der 1000 Lichter"},"content":{"rendered":"<p>Reiz\u00fcberflutung &#8211; nicht bei uns! Bei der &#8222;Nacht der 1000 Lichter&#8220; am 31. Oktober 2017 gab es in unserer Pfarrkirche eine gro\u00dfartige M\u00f6glichkeit, die eigenen SINNE zu erfahren, zu bedenken, zu erleben und einen SINNvollen Abend f\u00fcr ein SINNvolles Leben zu verbringen.<\/p>\n<p>Hier sind einige Fotos dieser Nacht &#8211; auf eines Klicken und die Fotos dann gro\u00df sehen.<\/p>\nngg_shortcode_0_placeholder\n<h6>&nbsp;Fotos: Monika Gamillscheg<\/h6>\n","protected":false},"excerpt":{"rendered":"<p>Reiz\u00fcberflutung &#8211; nicht bei uns! Bei der &#8222;Nacht der 1000 Lichter&#8220; am 31. Oktober 2017 gab es in unserer Pfarrkirche eine gro\u00dfartige M\u00f6glichkeit, die eigenen SINNE zu erfahren, zu bedenken, zu erleben und einen SINNvollen Abend f\u00fcr ein SINNvolles Leben zu verbringen. Hier sind einige Fotos dieser Nacht &#8211; auf eines Klicken und die Fotos [&hellip;]<\/p>\n","protected":false},"author":2,"featured_media":4907,"comment_status":"open","ping_status":"open","sticky":false,"template":"","format":"standard","meta":{"ngg_post_thumbnail":0,"footnotes":""},"categories":[7],"tags":[],"class_list":{"0":"post-4906","1":"post","2":"type-post","3":"status-publish","4":"format-standard","5":"has-post-thumbnail","7":"category-archiv"},"publishpress_future_action":{"enabled":false,"date":"2026-05-05 14:49:24","action":"category","newStatus":"draft","terms":[],"taxonomy":"category","extraData":[]},"publishpress_future_workflow_manual_trigger":{"enabledWorkflows":[]},"_links":{"self":[{"href":"https:\/\/www.pfarregersthof.at\/komm\/wp-json\/wp\/v2\/posts\/4906","targetHints":{"allow":["GET"]}}],"collection":[{"href":"https:\/\/www.pfarregersthof.at\/komm\/wp-json\/wp\/v2\/posts"}],"about":[{"href":"https:\/\/www.pfarregersthof.at\/komm\/wp-json\/wp\/v2\/types\/post"}],"author":[{"embeddable":true,"href":"https:\/\/www.pfarregersthof.at\/komm\/wp-json\/wp\/v2\/users\/2"}],"replies":[{"embeddable":true,"href":"https:\/\/www.pfarregersthof.at\/komm\/wp-json\/wp\/v2\/comments?post=4906"}],"version-history":[{"count":4,"href":"https:\/\/www.pfarregersthof.at\/komm\/wp-json\/wp\/v2\/posts\/4906\/revisions"}],"predecessor-version":[{"id":4911,"href":"https:\/\/www.pfarregersthof.at\/komm\/wp-json\/wp\/v2\/posts\/4906\/revisions\/4911"}],"wp:featuredmedia":[{"embeddable":true,"href":"https:\/\/www.pfarregersthof.at\/komm\/wp-json\/wp\/v2\/media\/4907"}],"wp:attachment":[{"href":"https:\/\/www.pfarregersthof.at\/komm\/wp-json\/wp\/v2\/media?parent=4906"}],"wp:term":[{"taxonomy":"category","embeddable":true,"href":"https:\/\/www.pfarregersthof.at\/komm\/wp-json\/wp\/v2\/categories?post=4906"},{"taxonomy":"post_tag","embeddable":true,"href":"https:\/\/www.pfarregersthof.at\/komm\/wp-json\/wp\/v2\/tags?post=4906"}],"curies":[{"name":"wp","href":"https:\/\/api.w.org\/{rel}","templated":true}]}}