{"id":4912,"date":"2017-11-12T17:08:22","date_gmt":"2017-11-12T16:08:22","guid":{"rendered":"http:\/\/www.pfarregersthof.at\/komm\/?p=4912"},"modified":"2018-03-04T17:51:13","modified_gmt":"2018-03-04T16:51:13","slug":"unterstuetzen-sie-papst-franziskus","status":"publish","type":"post","link":"https:\/\/www.pfarregersthof.at\/komm\/2017\/11\/unterstuetzen-sie-papst-franziskus\/","title":{"rendered":"Unterst\u00fctzen Sie Papst Franziskus"},"content":{"rendered":"<p>Auch sehr weltlichen Medien machen derzeit auf das Ringen um die Ausrichtung der r\u00f6misch-katholischen unter Papst Franziskus aufmerksam.<br \/>\nVor diesem Hintergrund wurde in \u00d6sterreich eine international Petition &#8222;Pro Pope Francis&#8220; ins Leben gerufen und es wird um Unterst\u00fctzung dieses Schreibens an den Papst gebeten:<\/p>\n<p><em><strong>Hochgesch\u00e4tzter Papst Franziskus!<\/strong><\/em><\/p>\n<p><em>Ihre pastoralen Initiativen und deren theologische Begr\u00fcndung werden derzeit von einer Gruppe in der Kirche scharf attackiert. Mit diesem \u00f6ffentlichen Brief bringen wir zum Ausdruck, dass wir f\u00fcr Ihre mutige und theologisch wohl begr\u00fcndete Amtsf\u00fchrung dankbar sind.<\/em><br \/>\n<em>Es ist Ihnen in kurzer Zeit gelungen, die Pastoralkultur der katholischen Kirche von ihrem jesuanischen Ursprung her zu reformieren. Die verwundeten Menschen, die verwundete Natur gehen Ihnen zu Herzen. Sie sehen die Kirche an den R\u00e4ndern des Lebens, als Feldlazarett. Ihr Anliegen ist jeder einzelne von Gott geliebte Mensch. Das letzte Wort im Umgang mit den Menschen soll nicht ein legalistisch, sondern ein barmherzig interpretiertes Gesetz haben. Gott und seine Barmherzigkeit pr\u00e4gen die Pastoralkultur, die Sie der Kirche zumuten. Sie tr\u00e4umen von einer \u201eKirche als Mutter und Hirtin\u201c. Diesen Ihren Traum teilen wir.<\/em><br \/>\n<em>Wir bitten Sie, von diesem eingeschlagenen Weg nicht abzuweichen, und sichern Ihnen unsere volle Unterst\u00fctzung und unser stetes Gebet zu.<\/em><br \/>\n<em>Die Unterzeichnenden<\/em><\/p>\n<p>Bitte unterzeichnen auch Sie auf&nbsp; <a href=\"https:\/\/www.pro-pope-francis.com\">www.pro-pope-francis.com<\/a><\/p>\n<p>&nbsp;<\/p>\n","protected":false},"excerpt":{"rendered":"<p>Auch sehr weltlichen Medien machen derzeit auf das Ringen um die Ausrichtung der r\u00f6misch-katholischen unter Papst Franziskus aufmerksam. Vor diesem Hintergrund wurde in \u00d6sterreich eine international Petition &#8222;Pro Pope Francis&#8220; ins Leben gerufen und es wird um Unterst\u00fctzung dieses Schreibens an den Papst gebeten: Hochgesch\u00e4tzter Papst Franziskus! Ihre pastoralen Initiativen und deren theologische Begr\u00fcndung werden [&hellip;]<\/p>\n","protected":false},"author":2,"featured_media":0,"comment_status":"open","ping_status":"open","sticky":false,"template":"","format":"standard","meta":{"ngg_post_thumbnail":0,"footnotes":""},"categories":[7],"tags":[],"class_list":{"0":"post-4912","1":"post","2":"type-post","3":"status-publish","4":"format-standard","6":"category-archiv"},"publishpress_future_action":{"enabled":false,"date":"2026-05-05 16:40:50","action":"category","newStatus":"draft","terms":[],"taxonomy":"category","extraData":[]},"publishpress_future_workflow_manual_trigger":{"enabledWorkflows":[]},"_links":{"self":[{"href":"https:\/\/www.pfarregersthof.at\/komm\/wp-json\/wp\/v2\/posts\/4912","targetHints":{"allow":["GET"]}}],"collection":[{"href":"https:\/\/www.pfarregersthof.at\/komm\/wp-json\/wp\/v2\/posts"}],"about":[{"href":"https:\/\/www.pfarregersthof.at\/komm\/wp-json\/wp\/v2\/types\/post"}],"author":[{"embeddable":true,"href":"https:\/\/www.pfarregersthof.at\/komm\/wp-json\/wp\/v2\/users\/2"}],"replies":[{"embeddable":true,"href":"https:\/\/www.pfarregersthof.at\/komm\/wp-json\/wp\/v2\/comments?post=4912"}],"version-history":[{"count":3,"href":"https:\/\/www.pfarregersthof.at\/komm\/wp-json\/wp\/v2\/posts\/4912\/revisions"}],"predecessor-version":[{"id":4915,"href":"https:\/\/www.pfarregersthof.at\/komm\/wp-json\/wp\/v2\/posts\/4912\/revisions\/4915"}],"wp:attachment":[{"href":"https:\/\/www.pfarregersthof.at\/komm\/wp-json\/wp\/v2\/media?parent=4912"}],"wp:term":[{"taxonomy":"category","embeddable":true,"href":"https:\/\/www.pfarregersthof.at\/komm\/wp-json\/wp\/v2\/categories?post=4912"},{"taxonomy":"post_tag","embeddable":true,"href":"https:\/\/www.pfarregersthof.at\/komm\/wp-json\/wp\/v2\/tags?post=4912"}],"curies":[{"name":"wp","href":"https:\/\/api.w.org\/{rel}","templated":true}]}}