{"id":4917,"date":"2017-11-18T16:05:45","date_gmt":"2017-11-18T15:05:45","guid":{"rendered":"http:\/\/www.pfarregersthof.at\/komm\/?p=4917"},"modified":"2017-11-26T19:13:20","modified_gmt":"2017-11-26T18:13:20","slug":"heitere-anekdoten-26-11","status":"publish","type":"post","link":"https:\/\/www.pfarregersthof.at\/komm\/2017\/11\/heitere-anekdoten-26-11\/","title":{"rendered":"Heitere Anekdoten (26.11.)"},"content":{"rendered":"<p>Erich Schm\u00f6lz erz\u00e4hlt am <strong>Sonntag, 26. November, um 19 Uhr im Gemeindezentrum (Bastiengasse 18)<\/strong> Anekdoten aus vielen Bereichen (Kirche, Politik, Theater, Wissenschaft und auch mit Bezug zu W\u00e4hring) und bringt Heiteres und Besinnliches zur Weihnachtszeit. Eintritt frei, Spenden f\u00fcr einen sozialen Zweck im Rahmen der Pfarre Gersthof sind erbeten. Beabsichtigte Teilnahme nach M\u00f6glichkeit anmelden unter Tel. 0664\/4418804 oder per E-Mail an <a href=\"mailto:erico@aon.at\">erico@aon.at<\/a><\/p>\n","protected":false},"excerpt":{"rendered":"<p>Erich Schm\u00f6lz erz\u00e4hlt am Sonntag, 26. November, um 19 Uhr im Gemeindezentrum (Bastiengasse 18) Anekdoten aus vielen Bereichen (Kirche, Politik, Theater, Wissenschaft und auch mit Bezug zu W\u00e4hring) und bringt Heiteres und Besinnliches zur Weihnachtszeit. Eintritt frei, Spenden f\u00fcr einen sozialen Zweck im Rahmen der Pfarre Gersthof sind erbeten. Beabsichtigte Teilnahme nach M\u00f6glichkeit anmelden unter [&hellip;]<\/p>\n","protected":false},"author":2,"featured_media":0,"comment_status":"open","ping_status":"open","sticky":false,"template":"","format":"standard","meta":{"ngg_post_thumbnail":0,"footnotes":""},"categories":[7],"tags":[],"class_list":{"0":"post-4917","1":"post","2":"type-post","3":"status-publish","4":"format-standard","6":"category-archiv"},"publishpress_future_action":{"enabled":false,"date":"2026-05-05 18:17:32","action":"category","newStatus":"draft","terms":[],"taxonomy":"category","extraData":[]},"publishpress_future_workflow_manual_trigger":{"enabledWorkflows":[]},"_links":{"self":[{"href":"https:\/\/www.pfarregersthof.at\/komm\/wp-json\/wp\/v2\/posts\/4917","targetHints":{"allow":["GET"]}}],"collection":[{"href":"https:\/\/www.pfarregersthof.at\/komm\/wp-json\/wp\/v2\/posts"}],"about":[{"href":"https:\/\/www.pfarregersthof.at\/komm\/wp-json\/wp\/v2\/types\/post"}],"author":[{"embeddable":true,"href":"https:\/\/www.pfarregersthof.at\/komm\/wp-json\/wp\/v2\/users\/2"}],"replies":[{"embeddable":true,"href":"https:\/\/www.pfarregersthof.at\/komm\/wp-json\/wp\/v2\/comments?post=4917"}],"version-history":[{"count":1,"href":"https:\/\/www.pfarregersthof.at\/komm\/wp-json\/wp\/v2\/posts\/4917\/revisions"}],"predecessor-version":[{"id":4918,"href":"https:\/\/www.pfarregersthof.at\/komm\/wp-json\/wp\/v2\/posts\/4917\/revisions\/4918"}],"wp:attachment":[{"href":"https:\/\/www.pfarregersthof.at\/komm\/wp-json\/wp\/v2\/media?parent=4917"}],"wp:term":[{"taxonomy":"category","embeddable":true,"href":"https:\/\/www.pfarregersthof.at\/komm\/wp-json\/wp\/v2\/categories?post=4917"},{"taxonomy":"post_tag","embeddable":true,"href":"https:\/\/www.pfarregersthof.at\/komm\/wp-json\/wp\/v2\/tags?post=4917"}],"curies":[{"name":"wp","href":"https:\/\/api.w.org\/{rel}","templated":true}]}}