{"id":4921,"date":"2017-11-18T16:12:26","date_gmt":"2017-11-18T15:12:26","guid":{"rendered":"http:\/\/www.pfarregersthof.at\/komm\/?p=4921"},"modified":"2017-11-25T18:18:24","modified_gmt":"2017-11-25T17:18:24","slug":"60plus-raffael-in-der-albertina-23-11","status":"publish","type":"post","link":"https:\/\/www.pfarregersthof.at\/komm\/2017\/11\/60plus-raffael-in-der-albertina-23-11\/","title":{"rendered":"60plus: Raffael in der Albertina (23.11.)"},"content":{"rendered":"<p>Achtung 60plus-Interessierte: Am <strong>Donnerstag, 23. November,<\/strong> besuchen wir die Ausstellung der Werke des Universalgenies der Hochrenaissance Raffael <strong>in der Wiener Albertina<\/strong>, Albertinaplatz 1, 1010 Wien. <strong>Wir treffen einander um 14.15 Uhr im Kassenraum<\/strong>, um 14.30 Uhr erhalten wir dann eine einst\u00fcndige F\u00fchrung. Im Anschluss daran Besuch eines Cafehauses. Bitte um Anmeldung im <a href=\"\/komm\/pfarre-von-a-z\/information\/kontakt-aufnehmen\/#pfarrsek\">Pfarrsekretariat<\/a>, da nur eine beschr\u00e4nkte Besucherzahl f\u00fcr die F\u00fchrung m\u00f6glich ist.<\/p>\n<p>Auf einen interessanten Nachmittag freuen sich<br \/>\n<span style=\"color: #3366ff;\"><em>Sissy P\u00e4chter und Team<\/em><\/span><\/p>\n","protected":false},"excerpt":{"rendered":"<p>Achtung 60plus-Interessierte: Am Donnerstag, 23. November, besuchen wir die Ausstellung der Werke des Universalgenies der Hochrenaissance Raffael in der Wiener Albertina, Albertinaplatz 1, 1010 Wien. Wir treffen einander um 14.15 Uhr im Kassenraum, um 14.30 Uhr erhalten wir dann eine einst\u00fcndige F\u00fchrung. Im Anschluss daran Besuch eines Cafehauses. Bitte um Anmeldung im Pfarrsekretariat, da nur [&hellip;]<\/p>\n","protected":false},"author":2,"featured_media":0,"comment_status":"open","ping_status":"open","sticky":false,"template":"","format":"standard","meta":{"ngg_post_thumbnail":0,"footnotes":""},"categories":[7],"tags":[],"class_list":{"0":"post-4921","1":"post","2":"type-post","3":"status-publish","4":"format-standard","6":"category-archiv"},"publishpress_future_action":{"enabled":false,"date":"2026-05-07 09:49:32","action":"category","newStatus":"draft","terms":[],"taxonomy":"category","extraData":[]},"publishpress_future_workflow_manual_trigger":{"enabledWorkflows":[]},"_links":{"self":[{"href":"https:\/\/www.pfarregersthof.at\/komm\/wp-json\/wp\/v2\/posts\/4921","targetHints":{"allow":["GET"]}}],"collection":[{"href":"https:\/\/www.pfarregersthof.at\/komm\/wp-json\/wp\/v2\/posts"}],"about":[{"href":"https:\/\/www.pfarregersthof.at\/komm\/wp-json\/wp\/v2\/types\/post"}],"author":[{"embeddable":true,"href":"https:\/\/www.pfarregersthof.at\/komm\/wp-json\/wp\/v2\/users\/2"}],"replies":[{"embeddable":true,"href":"https:\/\/www.pfarregersthof.at\/komm\/wp-json\/wp\/v2\/comments?post=4921"}],"version-history":[{"count":1,"href":"https:\/\/www.pfarregersthof.at\/komm\/wp-json\/wp\/v2\/posts\/4921\/revisions"}],"predecessor-version":[{"id":4922,"href":"https:\/\/www.pfarregersthof.at\/komm\/wp-json\/wp\/v2\/posts\/4921\/revisions\/4922"}],"wp:attachment":[{"href":"https:\/\/www.pfarregersthof.at\/komm\/wp-json\/wp\/v2\/media?parent=4921"}],"wp:term":[{"taxonomy":"category","embeddable":true,"href":"https:\/\/www.pfarregersthof.at\/komm\/wp-json\/wp\/v2\/categories?post=4921"},{"taxonomy":"post_tag","embeddable":true,"href":"https:\/\/www.pfarregersthof.at\/komm\/wp-json\/wp\/v2\/tags?post=4921"}],"curies":[{"name":"wp","href":"https:\/\/api.w.org\/{rel}","templated":true}]}}