{"id":4923,"date":"2017-11-18T16:16:22","date_gmt":"2017-11-18T15:16:22","guid":{"rendered":"http:\/\/www.pfarregersthof.at\/komm\/?p=4923"},"modified":"2017-11-25T18:18:14","modified_gmt":"2017-11-25T17:18:14","slug":"sternsinger-projekt-funarte-23-11","status":"publish","type":"post","link":"https:\/\/www.pfarregersthof.at\/komm\/2017\/11\/sternsinger-projekt-funarte-23-11\/","title":{"rendered":"Sternsinger-Projekt Funarte (23.11.)"},"content":{"rendered":"<p>Was haben Sternsingen, Nicaragua und FUNARTE gemeinsam?<br \/>\nFinde es heraus am <strong>Donnerstag, 23. 11., von 16.00 \u2013 19.00 Uhr im Gemeindezentrum (Bastiengasse 18)<\/strong>.<\/p>\n<p>Wir laden sehr herzlich Kinder, jugendliche SternsingerInnen und erfahrene BegleiterInnen, aber auch solche, die es werden wollen&nbsp; zu einem Workshop ein! Zwei Mitarbeiter des Projekts FUNARTE, Imer und Rafael, kommen aus Esteli\/Nicaragua zu uns nach Gersthof!<\/p>\n<p>So bekommt die Sternsingeraktion ein pers\u00f6nliches Gesicht, man erf\u00e4hrt, was das gesammelte Geld bewirkt und warum es wirklich Not-wendend ist. Vielf\u00e4ltige Informationen, kreative Zug\u00e4nge, pers\u00f6nlicher Austausch (Dolmetscher anwesend!) und ein nicaraguanisches Essen werden Euch\/ Sie erwarten.<\/p>\n<p>Deshalb bitten wir um Anmeldung unter <a href=\"mailto:sternsingen.gersthof@gmx.at\">sternsingen.gersthof@gmx.at<\/a> bis 20. 11. Wir freuen uns sehr, wenn unsere G\u00e4ste aus Nicaragua auf viele Interessierte treffen und die Sternsingeraktion in Gersthof einen weiteren Motivationsschub erh\u00e4lt!<\/p>\n<p>Darauf hoffen<br \/>\n<span style=\"color: #3366ff;\"><em>Irene Dorninger, Monika und Hemma Gamillscheg<\/em><\/span><\/p>\n","protected":false},"excerpt":{"rendered":"<p>Was haben Sternsingen, Nicaragua und FUNARTE gemeinsam? Finde es heraus am Donnerstag, 23. 11., von 16.00 \u2013 19.00 Uhr im Gemeindezentrum (Bastiengasse 18). Wir laden sehr herzlich Kinder, jugendliche SternsingerInnen und erfahrene BegleiterInnen, aber auch solche, die es werden wollen&nbsp; zu einem Workshop ein! Zwei Mitarbeiter des Projekts FUNARTE, Imer und Rafael, kommen aus Esteli\/Nicaragua [&hellip;]<\/p>\n","protected":false},"author":2,"featured_media":0,"comment_status":"open","ping_status":"open","sticky":false,"template":"","format":"standard","meta":{"ngg_post_thumbnail":0,"footnotes":""},"categories":[7],"tags":[],"class_list":{"0":"post-4923","1":"post","2":"type-post","3":"status-publish","4":"format-standard","6":"category-archiv"},"publishpress_future_action":{"enabled":false,"date":"2026-05-07 11:33:38","action":"category","newStatus":"draft","terms":[],"taxonomy":"category","extraData":[]},"publishpress_future_workflow_manual_trigger":{"enabledWorkflows":[]},"_links":{"self":[{"href":"https:\/\/www.pfarregersthof.at\/komm\/wp-json\/wp\/v2\/posts\/4923","targetHints":{"allow":["GET"]}}],"collection":[{"href":"https:\/\/www.pfarregersthof.at\/komm\/wp-json\/wp\/v2\/posts"}],"about":[{"href":"https:\/\/www.pfarregersthof.at\/komm\/wp-json\/wp\/v2\/types\/post"}],"author":[{"embeddable":true,"href":"https:\/\/www.pfarregersthof.at\/komm\/wp-json\/wp\/v2\/users\/2"}],"replies":[{"embeddable":true,"href":"https:\/\/www.pfarregersthof.at\/komm\/wp-json\/wp\/v2\/comments?post=4923"}],"version-history":[{"count":1,"href":"https:\/\/www.pfarregersthof.at\/komm\/wp-json\/wp\/v2\/posts\/4923\/revisions"}],"predecessor-version":[{"id":4924,"href":"https:\/\/www.pfarregersthof.at\/komm\/wp-json\/wp\/v2\/posts\/4923\/revisions\/4924"}],"wp:attachment":[{"href":"https:\/\/www.pfarregersthof.at\/komm\/wp-json\/wp\/v2\/media?parent=4923"}],"wp:term":[{"taxonomy":"category","embeddable":true,"href":"https:\/\/www.pfarregersthof.at\/komm\/wp-json\/wp\/v2\/categories?post=4923"},{"taxonomy":"post_tag","embeddable":true,"href":"https:\/\/www.pfarregersthof.at\/komm\/wp-json\/wp\/v2\/tags?post=4923"}],"curies":[{"name":"wp","href":"https:\/\/api.w.org\/{rel}","templated":true}]}}