{"id":4925,"date":"2017-11-18T16:18:27","date_gmt":"2017-11-18T15:18:27","guid":{"rendered":"http:\/\/www.pfarregersthof.at\/komm\/?p=4925"},"modified":"2017-11-25T18:17:56","modified_gmt":"2017-11-25T17:17:56","slug":"elisabeth-sonntag-welttag-der-armen-19-11","status":"publish","type":"post","link":"https:\/\/www.pfarregersthof.at\/komm\/2017\/11\/elisabeth-sonntag-welttag-der-armen-19-11\/","title":{"rendered":"Elisabeth-Sonntag &#8211; Welttag der Armen (19.11.)"},"content":{"rendered":"<p>Der Elisabethsonntag am \u201eWelttag der Armen\u201c \u2013 der Platz der Kirche ist an der Seite der Armen. Diese \u00dcberzeugung pr\u00e4gt den Welttag der Armen, den Papst Franziskus eingef\u00fchrt hat und der heuer erstmals weltweit am Elisabethsonntag, das hei\u00dft am 19.11 begangen wird. Papst Franziskus ruft auf den \u00c4rmsten auf Augenh\u00f6he zu begegnen und in Not zu helfen. Mit 30\u20ac k\u00f6nnen wir Menschen in Notsituationen mit Heizkostenzusch\u00fcssen helfen, mit 20\u20ac schenken wir einer armutsbetroffenen Jungfamilie die Erstausstattung f\u00fcr Ihr Baby.<br \/>\nSpendenkonto: AT472011189089000000<\/p>\n<p>&nbsp;<\/p>\n","protected":false},"excerpt":{"rendered":"<p>Der Elisabethsonntag am \u201eWelttag der Armen\u201c \u2013 der Platz der Kirche ist an der Seite der Armen. Diese \u00dcberzeugung pr\u00e4gt den Welttag der Armen, den Papst Franziskus eingef\u00fchrt hat und der heuer erstmals weltweit am Elisabethsonntag, das hei\u00dft am 19.11 begangen wird. Papst Franziskus ruft auf den \u00c4rmsten auf Augenh\u00f6he zu begegnen und in Not [&hellip;]<\/p>\n","protected":false},"author":2,"featured_media":0,"comment_status":"open","ping_status":"open","sticky":false,"template":"","format":"standard","meta":{"ngg_post_thumbnail":0,"footnotes":""},"categories":[7],"tags":[],"class_list":{"0":"post-4925","1":"post","2":"type-post","3":"status-publish","4":"format-standard","6":"category-archiv"},"publishpress_future_action":{"enabled":false,"date":"2026-05-06 20:40:54","action":"category","newStatus":"draft","terms":[],"taxonomy":"category","extraData":[]},"publishpress_future_workflow_manual_trigger":{"enabledWorkflows":[]},"_links":{"self":[{"href":"https:\/\/www.pfarregersthof.at\/komm\/wp-json\/wp\/v2\/posts\/4925","targetHints":{"allow":["GET"]}}],"collection":[{"href":"https:\/\/www.pfarregersthof.at\/komm\/wp-json\/wp\/v2\/posts"}],"about":[{"href":"https:\/\/www.pfarregersthof.at\/komm\/wp-json\/wp\/v2\/types\/post"}],"author":[{"embeddable":true,"href":"https:\/\/www.pfarregersthof.at\/komm\/wp-json\/wp\/v2\/users\/2"}],"replies":[{"embeddable":true,"href":"https:\/\/www.pfarregersthof.at\/komm\/wp-json\/wp\/v2\/comments?post=4925"}],"version-history":[{"count":1,"href":"https:\/\/www.pfarregersthof.at\/komm\/wp-json\/wp\/v2\/posts\/4925\/revisions"}],"predecessor-version":[{"id":4926,"href":"https:\/\/www.pfarregersthof.at\/komm\/wp-json\/wp\/v2\/posts\/4925\/revisions\/4926"}],"wp:attachment":[{"href":"https:\/\/www.pfarregersthof.at\/komm\/wp-json\/wp\/v2\/media?parent=4925"}],"wp:term":[{"taxonomy":"category","embeddable":true,"href":"https:\/\/www.pfarregersthof.at\/komm\/wp-json\/wp\/v2\/categories?post=4925"},{"taxonomy":"post_tag","embeddable":true,"href":"https:\/\/www.pfarregersthof.at\/komm\/wp-json\/wp\/v2\/tags?post=4925"}],"curies":[{"name":"wp","href":"https:\/\/api.w.org\/{rel}","templated":true}]}}