{"id":4931,"date":"2017-11-18T16:28:02","date_gmt":"2017-11-18T15:28:02","guid":{"rendered":"http:\/\/www.pfarregersthof.at\/komm\/?p=4931"},"modified":"2017-11-25T18:18:04","modified_gmt":"2017-11-25T17:18:04","slug":"bausteine-fuer-unsere-pfarrentwicklung-19-11","status":"publish","type":"post","link":"https:\/\/www.pfarregersthof.at\/komm\/2017\/11\/bausteine-fuer-unsere-pfarrentwicklung-19-11\/","title":{"rendered":"Bausteine f\u00fcr unsere Pfarrentwicklung (19.11.)"},"content":{"rendered":"<p><strong>Bausteine f\u00fcr unsere Pfarrentwicklung<\/strong><\/p>\n<p>In den n\u00e4chsten Jahren kann und wird es kleinere oder auch gr\u00f6\u00dfere Entwicklungen in unserer Pfarre geben. Welche? Das h\u00e4ngt auch von uns ab: von unseren W\u00fcnschen, Bed\u00fcrfnissen, Erwartungen und Aktivit\u00e4ten. Wir wollen in n\u00e4chster Zeit alle Ideen, Sorgen und W\u00fcnsche erheben.<\/p>\n<p>Im Gottesdienst am 19.11.2017 beginnen wir damit. Die ersten beiden Fragen an alle Gemeindemitglieder sind: Was bedeutet die Pfarre Gersthof f\u00fcr DICH? Was ist DIR ganz pers\u00f6nlich an unserer Gemeinde wichtig? Ihre Antworten auf unsere Fragen k\u00f6nnen Sie gerne in Papierform im Pfarrsekretariat abgeben oder per Mail an <a href=\"mailto:sekretariat@pfarregersthof.at\">sekretariat@pfarregersthof.at<\/a> senden.<\/p>\n<p>F\u00fcr den PGR: <span style=\"color: #3366ff;\"><em>Kathi Bock, Oliver Zahn, G\u00fcnter Schm\u00f6lz, Michael Scherzer<\/em><\/span><\/p>\n","protected":false},"excerpt":{"rendered":"<p>Bausteine f\u00fcr unsere Pfarrentwicklung In den n\u00e4chsten Jahren kann und wird es kleinere oder auch gr\u00f6\u00dfere Entwicklungen in unserer Pfarre geben. Welche? Das h\u00e4ngt auch von uns ab: von unseren W\u00fcnschen, Bed\u00fcrfnissen, Erwartungen und Aktivit\u00e4ten. Wir wollen in n\u00e4chster Zeit alle Ideen, Sorgen und W\u00fcnsche erheben. Im Gottesdienst am 19.11.2017 beginnen wir damit. Die ersten [&hellip;]<\/p>\n","protected":false},"author":2,"featured_media":0,"comment_status":"open","ping_status":"open","sticky":false,"template":"","format":"standard","meta":{"ngg_post_thumbnail":0,"footnotes":""},"categories":[7],"tags":[],"class_list":{"0":"post-4931","1":"post","2":"type-post","3":"status-publish","4":"format-standard","6":"category-archiv"},"publishpress_future_action":{"enabled":false,"date":"2026-05-06 16:18:13","action":"category","newStatus":"draft","terms":[],"taxonomy":"category","extraData":[]},"publishpress_future_workflow_manual_trigger":{"enabledWorkflows":[]},"_links":{"self":[{"href":"https:\/\/www.pfarregersthof.at\/komm\/wp-json\/wp\/v2\/posts\/4931","targetHints":{"allow":["GET"]}}],"collection":[{"href":"https:\/\/www.pfarregersthof.at\/komm\/wp-json\/wp\/v2\/posts"}],"about":[{"href":"https:\/\/www.pfarregersthof.at\/komm\/wp-json\/wp\/v2\/types\/post"}],"author":[{"embeddable":true,"href":"https:\/\/www.pfarregersthof.at\/komm\/wp-json\/wp\/v2\/users\/2"}],"replies":[{"embeddable":true,"href":"https:\/\/www.pfarregersthof.at\/komm\/wp-json\/wp\/v2\/comments?post=4931"}],"version-history":[{"count":1,"href":"https:\/\/www.pfarregersthof.at\/komm\/wp-json\/wp\/v2\/posts\/4931\/revisions"}],"predecessor-version":[{"id":4932,"href":"https:\/\/www.pfarregersthof.at\/komm\/wp-json\/wp\/v2\/posts\/4931\/revisions\/4932"}],"wp:attachment":[{"href":"https:\/\/www.pfarregersthof.at\/komm\/wp-json\/wp\/v2\/media?parent=4931"}],"wp:term":[{"taxonomy":"category","embeddable":true,"href":"https:\/\/www.pfarregersthof.at\/komm\/wp-json\/wp\/v2\/categories?post=4931"},{"taxonomy":"post_tag","embeddable":true,"href":"https:\/\/www.pfarregersthof.at\/komm\/wp-json\/wp\/v2\/tags?post=4931"}],"curies":[{"name":"wp","href":"https:\/\/api.w.org\/{rel}","templated":true}]}}