{"id":4939,"date":"2017-11-25T18:08:33","date_gmt":"2017-11-25T17:08:33","guid":{"rendered":"http:\/\/www.pfarregersthof.at\/komm\/?p=4939"},"modified":"2017-12-26T11:06:47","modified_gmt":"2017-12-26T10:06:47","slug":"adventzeit-weihnachtsvorschau","status":"publish","type":"post","link":"https:\/\/www.pfarregersthof.at\/komm\/2017\/11\/adventzeit-weihnachtsvorschau\/","title":{"rendered":"Adventzeit &#038; Weihnachtsvorschau"},"content":{"rendered":"<h2><strong>ADVENT<\/strong><\/h2>\n<p><strong>\u201e<\/strong><strong>Christsein heute \u2013 Mensch werden\u201c<\/strong><\/p>\n<p>Ein adventlicher Mensch:<br \/>\nist wachsam und voller Erwartung;<br \/>\nl\u00e4sst sich erleuchten;<br \/>\nvermag das Wesentliche zu erkennen;<br \/>\nist vor lauter Vor-Freude strahlend sch\u00f6n;<br \/>\nwei\u00df, was er nicht braucht;<br \/>\nist von Hoffnung durchdrungen und<br \/>\nrichtet seinen Blick auf Christus,<br \/>\nauf Ihn, der immer zu uns will.<\/p>\n<h6>Jessica Bohn<\/h6>\n<h6>Ortsangaben<br \/>\nPfK Pfarrkirche am Bischof-Faber-Platz<br \/>\nOK: Osterkapelle in der Pfarrkirche<br \/>\nJKp Jugendkapelle in der Pfarrkirche<br \/>\nGZ: Gemeindezentrum (Bastiengasse 18)<br \/>\nJuKe: Jugendkeller im Gemeindezentrum<br \/>\nPfH: Pfarrhaus (Bischof-Faber-Platz 7)<br \/>\nJNK: Johannes Nepomuk Kapelle (Gersthofer Stra\u00dfe 129)<\/h6>\n<p><strong>Advent-Markt des Kindergarten-Elternvereins<\/strong><br \/>\n<em>Fr., 1. 12., 13.15 &#8211; 18.00 Uhr, GZ<\/em><br \/>\n<em> Sa., 2. 12., 16.30 \u2013 18.30 Uhr, GZ<\/em><br \/>\n<em> So., 3. 12., 9.00 \u2013 13.00 Uhr, GZ<\/em><\/p>\n<p>Fr., 1. 12.<br \/>\n16.30 Uhr PfK: Adventkranz-Segnung f\u00fcr Kindergartenfamilien<\/p>\n<p>Sa., 2. 12.<br \/>\n18.30 Uhr PfK: Gottesdienst am Vorabend mit Segnung der Adventkr\u00e4nze \u2013 besonders f\u00fcr Familien gestaltet<\/p>\n<p><strong>So., 3. 12. &#8211; 1. Adventsonntag<\/strong><br \/>\nGottesdienste in der PfK mit Segnung der Adventkr\u00e4nze: 8.30 Uhr, 18.30 Uhr<br \/>\nund 10.00 Uhr mit Vorstellung der FirmkandidatInnen; im GZ: Kinderkirche, anschl. Pfarrkaffee<br \/>\nGottesdienst in der JNK: 11.30 Uhr<\/p>\n<p>Di., 5. 12.<br \/>\n6.00 Uhr PfK: 1. Rorate-Gottesdienst<\/p>\n<p>Mi., 6. 12.<br \/>\n15.30 Uhr GZ: Gro\u00dfkindertreffen \u2013 Nikolausfeier<\/p>\n<p>Do., 7. 12.<br \/>\n18.10 Uhr PfK\/OK: Vesper &#8211; Abendgebet<br \/>\n18.30 Uhr PfK: Gemeindegottesdienst<br \/>\n18.30 Uhr JNK: Altgersthofer Advent<\/p>\n<p><strong>Fr, 8. 12. &#8211; Fest der Erw\u00e4hlung Mariae<\/strong><br \/>\n9.30 Uhr PfK: Gottesdienst mit Einladung an Jubilare, anschl. GZ: Jubilarenempfang mit einer herzlichen Einladung des Caritasteams<\/p>\n<p><strong>Krippenausstellung im Gemeindezentrum<\/strong><br \/>\n<em>Sa., 9. 12., 9.00\u201320.00, So., 10., 9.00\u201315.00 Uhr<\/em><br \/>\n<em> Mo., 11. 12., 9.00 \u2013 13.00 Uhr<\/em><br \/>\n<em> Verkaufsangebot und Punsch!<\/em><\/p>\n<p>Sa., 9. 12.<br \/>\n18.10 Uhr PfK\/OK: Vesper &#8211; Abendgebet<br \/>\n18.30 Uhr PfK: Gemeindegottesdienst<\/p>\n<p><strong>So., 10. 12. &#8211; 2. Adventsonntag<\/strong><br \/>\nGottesdienste in der PfK: 8.30 Uhr, 18.30 Uhr<br \/>\nAbschluss der Weihnachtspaketaktion:<br \/>\n10.00 Uhr mit Dr. Michael Landau, im GZ: Kinderkirche, anschl. Punsch<br \/>\nGottesdienst in der JNK: 11.30 Uhr<\/p>\n<p>Di., 12. 12.,<br \/>\n6.00 Uhr PfK: 2. Rorate-Gottesdienst<br \/>\n15.30 GZ: Pfarrstammtisch<\/p>\n<p>Mi., 13. 12.<br \/>\n15.00 Uhr GZ: Gottesdienst \u2013 von Frauen f\u00fcr Frauen, anschl. Adventfeier<\/p>\n<p>Fr., 15. 12.<br \/>\n6.00 Uhr PfK: 3. Rorate-Gottesdienst<br \/>\nAb 19.00 Uhr PfK: Nacht der Barmherzigkeit<\/p>\n<p>Sa., 16. 12.<br \/>\n8.00 Uhr PfK: Trauergottesdienst<br \/>\n18.10 Uhr PfK\/OK: Vesper &#8211; Abendgebet<br \/>\n18.30 Uhr PfK: Gottesdienst am Vorabend<\/p>\n<p><strong>So., 17. 12. &#8211; 3. Adventsonntag<\/strong><br \/>\nNach allen Gottesdiensten Bedankung der ehrenamtlichen MitarbeiterInnen<br \/>\nBITTE bringen Sie kleine Sterne zum Schm\u00fccken unserer beiden Tannenb\u00e4ume bei der Krippe mit! DANKE!<br \/>\nGottesdienste in der PfK: 8.30 Uhr, 18.30 Uhr<br \/>\nund 10.00 Uhr als Familiengottesdienst<br \/>\n11.15 Uhr JuKe: Probe f\u00fcr DreiK\u00f6nigsAktion<br \/>\nGottesdienst in der JNK: 11.30 Uhr<br \/>\n19.00 Christk\u00f6nigskirche \u2013 P\u00f6tzleinsdorf: Dekanats-Advent-Vesper f\u00fcr Jugendliche<\/p>\n<p>Di., 19. 12.<br \/>\n6.00 Uhr PfK: 4. Rorate-Gottesdienst<br \/>\n19.30 Uhr PfK: Gebetsabend<\/p>\n<p>Fr., 22. 12.<br \/>\n6.00 Uhr PfK: 5. Rorate-Gottesdienst<\/p>\n<p>Sa., 23. 12.<br \/>\n10.00 Uhr PfK: Ministrantenprobe f\u00fcr die Mette<br \/>\n17.00 Uhr PfK: Wort-Gottes-Feier mit Aufstellung der Krippenfiguren<br \/>\n18.10 Uhr PfK\/OK: Vesper &#8211; Abendgebet<br \/>\n18.30 Uhr PfK: Gottesdienst am Vorabend<\/p>\n<p><strong>So., 24. 12. &#8211; 4. Adventsonntag und Heiliger Abend<\/strong><br \/>\nGottesdienste in der Pfarrkirche: 9.30 Uhr<br \/>\nGottesdienst in der JNK: 11.30 Uhr<br \/>\n10.15 Uhr Pensionistenwohnhaus \u201eAn der T\u00fcrkenschanze\u201c: Gottesdienst<br \/>\n16.00 Uhr PfK: Wort-Gottes-Feier mit Krippengang<br \/>\n18.00 Uhr PfK: Gottesdienst &#8222;Am Hl. Abend&#8220;<br \/>\n23.30 Uhr PfK: Einstimmung zur Christmette<\/p>\n<h2><strong>Weihnachtszeit<\/strong><\/h2>\n<h3><strong>Mo., 25. 12. &#8211; Hochfest der Geburt Jesu Christi<\/strong><\/h3>\n<p><strong>00.00 Uhr Christmette in der Pfarrkirche<\/strong><br \/>\nanschl. Vorraum der Kirche: Punsch<br \/>\n9.30 Uhr PfK: Festgottesdienst<br \/>\n18.10 Uhr PfK: Vesper-Gebet<br \/>\n18.30 Uhr PfK: Gottesdienst am Vorabend<br \/>\nGottesdienst in der JNK: 11.30 Uhr<\/p>\n<p><strong>Di., 26. 12. &#8211; Festtag des Hl. Stephanus<\/strong><br \/>\n9.30 Uhr PfK: Gottesdienst als \u201eWeihnachtshochamt\u201c musikalische Gestaltung durch die Kantorei<br \/>\n11.30 Uhr JNK: Gottesdienst<br \/>\n15.30 GZ: Pfarrstammtisch<\/p>\n<p>Mi., 27. 12. Gedenktag des Heiligen Johannes<br \/>\n8.00 Uhr PfK\/OK: Gottesdienst<\/p>\n<p>Do., 28. 12. Fest Unschuldige Kinder<br \/>\n8.00 Uhr PfK\/OK: Gottesdienst<\/p>\n<p>Fr., 29. 12. Gedenktag des Hl. Thomas Becket<br \/>\n8.00 Uhr PfK\/OK: Gottesdienst<\/p>\n<p>Sa., 30. 12.<br \/>\n18.10 Uhr Pfk\/OK: Vesper &#8211; Abendgebet<br \/>\n18.30 Uhr PfK: Gottesdienst am Vorabend<\/p>\n<p><strong>So., 31. 12. &#8211; Fest der Heiligen Familie &amp; Silvester<\/strong><br \/>\n9.30 Uhr PfK: Gemeindegottesdienst<\/p>\n<p><strong>17.00 Uhr, PfK: Jahresschluss-Gottesdienst<\/strong><br \/>\nPredigt: Bischof i.R. Mag. Herwig Sturm<\/p>\n<p><strong>Mo., 1. 1. &#8211; Neujahr<\/strong><br \/>\n9.30 Uhr PfK: Gottesdienst<br \/>\n11.30 Uhr JNK: Gottesdienst<br \/>\n18.00-19.30 PfK: Anbetung<\/p>\n<p><strong>Sternsingeraktion &#8211; DreiK\u00f6nigsAktion:<\/strong><br \/>\n3., 4. und 8. 1. nachmittags, 5., 6., 7. 1. ganztags. Wir bitten um herzliche Aufnahme!<\/p>\n<p>Di., 2. \u2013 Do., 4. 1.<br \/>\n8.00 Uhr PfK\/OK: Gottesdienst<\/p>\n<p>Fr., 5. 1.<br \/>\n18.00 Uhr Pfk\/OK: Vesper \u2013 Abendgebet mit Segnung von Wasser, Weihrauch und Kreide<br \/>\n18.30 Uhr PfK: Gottesdienst am Vorabend<\/p>\n<h3><strong>Sa., 6. 1. &#8211;\u00a0 Epiphanie &#8211; Hochfest der Erscheinung des Herrn<\/strong><\/h3>\n<p>9.30 Uhr PfK: Gottesdienst<br \/>\n11.30 Uhr JNK: Gottesdienst<br \/>\n18.10 Uhr PfK\/OK: Vesper-Abendgebet<br \/>\n18.30 Uhr PfK: Gottesdienst am Vorabend<\/p>\n<p><strong>So., 7. 1. &#8211; Fest der Taufe des Herrn<\/strong><br \/>\n9.30 Uhr PfK: Familiengottesdienst<br \/>\n11.30 Uhr JNK: Gottesdienst<\/p>\n","protected":false},"excerpt":{"rendered":"<p>ADVENT \u201eChristsein heute \u2013 Mensch werden\u201c Ein adventlicher Mensch: ist wachsam und voller Erwartung; l\u00e4sst sich erleuchten; vermag das Wesentliche zu erkennen; ist vor lauter Vor-Freude strahlend sch\u00f6n; wei\u00df, was er nicht braucht; ist von Hoffnung durchdrungen und richtet seinen Blick auf Christus, auf Ihn, der immer zu uns will. Jessica Bohn Ortsangaben PfK Pfarrkirche [&hellip;]<\/p>\n","protected":false},"author":2,"featured_media":2865,"comment_status":"open","ping_status":"open","sticky":false,"template":"","format":"standard","meta":{"ngg_post_thumbnail":0,"footnotes":""},"categories":[7],"tags":[],"class_list":{"0":"post-4939","1":"post","2":"type-post","3":"status-publish","4":"format-standard","5":"has-post-thumbnail","7":"category-archiv"},"publishpress_future_action":{"enabled":false,"date":"2026-05-06 11:58:26","action":"category","newStatus":"draft","terms":[],"taxonomy":"category","extraData":[]},"publishpress_future_workflow_manual_trigger":{"enabledWorkflows":[]},"_links":{"self":[{"href":"https:\/\/www.pfarregersthof.at\/komm\/wp-json\/wp\/v2\/posts\/4939","targetHints":{"allow":["GET"]}}],"collection":[{"href":"https:\/\/www.pfarregersthof.at\/komm\/wp-json\/wp\/v2\/posts"}],"about":[{"href":"https:\/\/www.pfarregersthof.at\/komm\/wp-json\/wp\/v2\/types\/post"}],"author":[{"embeddable":true,"href":"https:\/\/www.pfarregersthof.at\/komm\/wp-json\/wp\/v2\/users\/2"}],"replies":[{"embeddable":true,"href":"https:\/\/www.pfarregersthof.at\/komm\/wp-json\/wp\/v2\/comments?post=4939"}],"version-history":[{"count":7,"href":"https:\/\/www.pfarregersthof.at\/komm\/wp-json\/wp\/v2\/posts\/4939\/revisions"}],"predecessor-version":[{"id":4998,"href":"https:\/\/www.pfarregersthof.at\/komm\/wp-json\/wp\/v2\/posts\/4939\/revisions\/4998"}],"wp:featuredmedia":[{"embeddable":true,"href":"https:\/\/www.pfarregersthof.at\/komm\/wp-json\/wp\/v2\/media\/2865"}],"wp:attachment":[{"href":"https:\/\/www.pfarregersthof.at\/komm\/wp-json\/wp\/v2\/media?parent=4939"}],"wp:term":[{"taxonomy":"category","embeddable":true,"href":"https:\/\/www.pfarregersthof.at\/komm\/wp-json\/wp\/v2\/categories?post=4939"},{"taxonomy":"post_tag","embeddable":true,"href":"https:\/\/www.pfarregersthof.at\/komm\/wp-json\/wp\/v2\/tags?post=4939"}],"curies":[{"name":"wp","href":"https:\/\/api.w.org\/{rel}","templated":true}]}}