{"id":4946,"date":"2017-11-25T18:37:17","date_gmt":"2017-11-25T17:37:17","guid":{"rendered":"http:\/\/www.pfarregersthof.at\/komm\/?p=4946"},"modified":"2017-12-09T14:41:50","modified_gmt":"2017-12-09T13:41:50","slug":"oekumenisches-bibelgespraech-30-11","status":"publish","type":"post","link":"https:\/\/www.pfarregersthof.at\/komm\/2017\/11\/oekumenisches-bibelgespraech-30-11\/","title":{"rendered":"\u00d6kumenisches Bibelgespr\u00e4ch (30.11.)"},"content":{"rendered":"<p>Ein \u00f6kumenisches Bibelgespr\u00e4ch und Gebet wird am <strong>Donnerstag, 30. 11. 2017, um 19.30 Uhr<\/strong> gestaltet vom Ehepaar Braun (r\u00f6m.-kath. Pfarre Weinhaus) und vom evangelischen Pfr. Manfred Gold.<br \/>\nOrt: evangelische Kapelle 1180 Severin Schreibergasse 3.<\/p>\n<p>Herzlich l\u00e4dt ein zum besinnlichen Abend vor dem Adventbeginn<br \/>\n<span style=\"color: #3366ff;\"><em>Heinrich Bica<\/em><\/span><\/p>\n","protected":false},"excerpt":{"rendered":"<p>Ein \u00f6kumenisches Bibelgespr\u00e4ch und Gebet wird am Donnerstag, 30. 11. 2017, um 19.30 Uhr gestaltet vom Ehepaar Braun (r\u00f6m.-kath. Pfarre Weinhaus) und vom evangelischen Pfr. Manfred Gold. Ort: evangelische Kapelle 1180 Severin Schreibergasse 3. Herzlich l\u00e4dt ein zum besinnlichen Abend vor dem Adventbeginn Heinrich Bica<\/p>\n","protected":false},"author":2,"featured_media":0,"comment_status":"open","ping_status":"open","sticky":false,"template":"","format":"standard","meta":{"ngg_post_thumbnail":0,"footnotes":""},"categories":[7],"tags":[],"class_list":{"0":"post-4946","1":"post","2":"type-post","3":"status-publish","4":"format-standard","6":"category-archiv"},"publishpress_future_action":{"enabled":false,"date":"2026-05-02 10:41:44","action":"category","newStatus":"draft","terms":[],"taxonomy":"category","extraData":[]},"publishpress_future_workflow_manual_trigger":{"enabledWorkflows":[]},"_links":{"self":[{"href":"https:\/\/www.pfarregersthof.at\/komm\/wp-json\/wp\/v2\/posts\/4946","targetHints":{"allow":["GET"]}}],"collection":[{"href":"https:\/\/www.pfarregersthof.at\/komm\/wp-json\/wp\/v2\/posts"}],"about":[{"href":"https:\/\/www.pfarregersthof.at\/komm\/wp-json\/wp\/v2\/types\/post"}],"author":[{"embeddable":true,"href":"https:\/\/www.pfarregersthof.at\/komm\/wp-json\/wp\/v2\/users\/2"}],"replies":[{"embeddable":true,"href":"https:\/\/www.pfarregersthof.at\/komm\/wp-json\/wp\/v2\/comments?post=4946"}],"version-history":[{"count":1,"href":"https:\/\/www.pfarregersthof.at\/komm\/wp-json\/wp\/v2\/posts\/4946\/revisions"}],"predecessor-version":[{"id":4954,"href":"https:\/\/www.pfarregersthof.at\/komm\/wp-json\/wp\/v2\/posts\/4946\/revisions\/4954"}],"wp:attachment":[{"href":"https:\/\/www.pfarregersthof.at\/komm\/wp-json\/wp\/v2\/media?parent=4946"}],"wp:term":[{"taxonomy":"category","embeddable":true,"href":"https:\/\/www.pfarregersthof.at\/komm\/wp-json\/wp\/v2\/categories?post=4946"},{"taxonomy":"post_tag","embeddable":true,"href":"https:\/\/www.pfarregersthof.at\/komm\/wp-json\/wp\/v2\/tags?post=4946"}],"curies":[{"name":"wp","href":"https:\/\/api.w.org\/{rel}","templated":true}]}}