{"id":4999,"date":"2017-12-10T19:24:14","date_gmt":"2017-12-10T18:24:14","guid":{"rendered":"http:\/\/www.pfarregersthof.at\/komm\/?p=4999"},"modified":"2018-09-26T10:47:53","modified_gmt":"2018-09-26T09:47:53","slug":"die-paketaktion-veraendert-das-leben","status":"publish","type":"post","link":"https:\/\/www.pfarregersthof.at\/komm\/2017\/12\/die-paketaktion-veraendert-das-leben\/","title":{"rendered":"&#8222;Die Paketaktion ver\u00e4ndert das Leben&#8220;"},"content":{"rendered":"<p><a href=\"https:\/\/www.pfarregersthof.at\/komm\/wp-content\/uploads\/2017\/12\/mwsat-20171210-IMG_9000.jpg\"><img loading=\"lazy\" decoding=\"async\" class=\"alignleft wp-image-5010\" src=\"https:\/\/www.pfarregersthof.at\/komm\/wp-content\/uploads\/2017\/12\/mwsat-20171210-IMG_9000-800x534.jpg\" alt=\"\" width=\"600\" height=\"400\" srcset=\"https:\/\/www.pfarregersthof.at\/komm\/wp-content\/uploads\/2017\/12\/mwsat-20171210-IMG_9000-800x534.jpg 800w, https:\/\/www.pfarregersthof.at\/komm\/wp-content\/uploads\/2017\/12\/mwsat-20171210-IMG_9000-150x100.jpg 150w, https:\/\/www.pfarregersthof.at\/komm\/wp-content\/uploads\/2017\/12\/mwsat-20171210-IMG_9000-300x200.jpg 300w, https:\/\/www.pfarregersthof.at\/komm\/wp-content\/uploads\/2017\/12\/mwsat-20171210-IMG_9000-768x512.jpg 768w, https:\/\/www.pfarregersthof.at\/komm\/wp-content\/uploads\/2017\/12\/mwsat-20171210-IMG_9000.jpg 1000w\" sizes=\"auto, (max-width: 600px) 100vw, 600px\" \/><\/a>Im Rahmen der Weihnachtspaketaktion dieses Jahres werden rund 260 Pakete an rund 750 Personen gehen. &#8222;Diese Paketaktion ver\u00e4ndert das Leben. Das Leben jener, die diese Geschenke erhalten, aber auch das Leben der Schenkenden. Durch das was hier getan wird, wird die Liebe Gottes erfahrbar.&#8220; So fasste Michael Landau, Leiter der Caritas der Erzdi\u00f6zese Wien und \u00d6sterreichs, die wesentlichen Elemente dieser Aktion im 10 Uhr-Gottesdienst am 2. Adventsonntag, 10.12., zusammen.<\/p>\n<p>In der Einleitung des Gottesdienstes wurde ein \u00dcberblick zu Paketen und beschenken Personen gegeben, den beitragenden neun Pfarren und Organisationen gedankt.\u00a0 Es wurde aber auch der langj\u00e4hrigen leitenden Organisatorin der Aktion, Sissy P\u00e4chter, gedacht, die zwei Wochen zuvor \u00fcberraschend verstorben war. Dass die Aktion auch ohne Frau P\u00e4chter zu einem guten Ende gebracht werden kann, h\u00e4nge eng damit zusammen, dass sie ein starkes Team dahinter aufgebaut hatte, wurde von Maria Kissich betont, die die Weihnachtpaketaktion in den kommenden Jahren weiterf\u00fchren will. Pfarrer Norbert und Dr. Landau dankten dem Team f\u00fcr seinen bisherigen Einsatz und auch f\u00fcr die nun folgende Arbeit des \u00dcberbringens der Pakete an die Beschenkten.<\/p>\n<p><a href=\"https:\/\/www.pfarregersthof.at\/komm\/wp-content\/uploads\/2017\/12\/mwsat-20171210-IMG_9018.jpg\"><img loading=\"lazy\" decoding=\"async\" class=\"alignleft wp-image-5001 size-medium\" src=\"https:\/\/www.pfarregersthof.at\/komm\/wp-content\/uploads\/2017\/12\/mwsat-20171210-IMG_9018-202x300.jpg\" alt=\"\" width=\"202\" height=\"300\" srcset=\"https:\/\/www.pfarregersthof.at\/komm\/wp-content\/uploads\/2017\/12\/mwsat-20171210-IMG_9018-202x300.jpg 202w, https:\/\/www.pfarregersthof.at\/komm\/wp-content\/uploads\/2017\/12\/mwsat-20171210-IMG_9018-101x150.jpg 101w, https:\/\/www.pfarregersthof.at\/komm\/wp-content\/uploads\/2017\/12\/mwsat-20171210-IMG_9018-768x1143.jpg 768w, https:\/\/www.pfarregersthof.at\/komm\/wp-content\/uploads\/2017\/12\/mwsat-20171210-IMG_9018-538x800.jpg 538w, https:\/\/www.pfarregersthof.at\/komm\/wp-content\/uploads\/2017\/12\/mwsat-20171210-IMG_9018.jpg 1000w\" sizes=\"auto, (max-width: 202px) 100vw, 202px\" \/><\/a>In seiner Predigt wies Landau auf drei Grunderkenntnisse heutiger Caritasarbeit hin. Die erste sei, dass Armut ein St\u00fcck \u00f6sterreichische Realit\u00e4t ist, rund 400.000 Menschen k\u00f6nnen sich kaum das Notwendigste leisten. Die zweite sei, dass es neben der materiellen auch eine mentale Armut gebe: viele Menschen leiden am Verlassensein, am nicht wahrgenommen werden. Die dritte sei, dass nur Hinsehen und daraus folgendes Handeln eine konkrete Hilfe bringen kann.<\/p>\n<p>Der Leiter der Wiener Caritas dankte Sissy P\u00e4chter auch f\u00fcr ihr \u00fcberpfarrliches Engagement im Vikariat Wien-Stadt. Mit Dankbarkeit erinnerte er sich an ein pers\u00f6nliches Gespr\u00e4ch mit ihr auf einer Tagung in diesem Herbst.<\/p>\n<p>Der Gottesdienst wurde wie seit mehreren Jahren wieder gemeinsam von Pfarrer Norbert, Dr. Landau und Kaplan Suresh geleitet. Zu diesem Gottesdienst werden alle von Schenkenden bereitgestellten Pakete rund um den Altar angeordnet.<\/p>\n<p>&nbsp;<\/p>\n<p><a href=\"https:\/\/www.pfarregersthof.at\/komm\/wp-content\/uploads\/2017\/12\/mwsat-20171210-IMG_0098.jpg\"><img loading=\"lazy\" decoding=\"async\" class=\"alignnone wp-image-5002\" src=\"https:\/\/www.pfarregersthof.at\/komm\/wp-content\/uploads\/2017\/12\/mwsat-20171210-IMG_0098-300x200.jpg\" alt=\"\" width=\"600\" height=\"400\" srcset=\"https:\/\/www.pfarregersthof.at\/komm\/wp-content\/uploads\/2017\/12\/mwsat-20171210-IMG_0098-300x200.jpg 300w, https:\/\/www.pfarregersthof.at\/komm\/wp-content\/uploads\/2017\/12\/mwsat-20171210-IMG_0098-150x100.jpg 150w, https:\/\/www.pfarregersthof.at\/komm\/wp-content\/uploads\/2017\/12\/mwsat-20171210-IMG_0098-768x512.jpg 768w, https:\/\/www.pfarregersthof.at\/komm\/wp-content\/uploads\/2017\/12\/mwsat-20171210-IMG_0098-800x534.jpg 800w, https:\/\/www.pfarregersthof.at\/komm\/wp-content\/uploads\/2017\/12\/mwsat-20171210-IMG_0098.jpg 1000w\" sizes=\"auto, (max-width: 600px) 100vw, 600px\" \/><\/a><\/p>\n<p><a href=\"https:\/\/www.pfarregersthof.at\/komm\/wp-content\/uploads\/2017\/12\/mwsat-20171210-IMG_9020.jpg\"><img loading=\"lazy\" decoding=\"async\" class=\"wp-image-5000 alignnone\" src=\"https:\/\/www.pfarregersthof.at\/komm\/wp-content\/uploads\/2017\/12\/mwsat-20171210-IMG_9020-800x534.jpg\" alt=\"\" width=\"600\" height=\"400\" srcset=\"https:\/\/www.pfarregersthof.at\/komm\/wp-content\/uploads\/2017\/12\/mwsat-20171210-IMG_9020-800x534.jpg 800w, https:\/\/www.pfarregersthof.at\/komm\/wp-content\/uploads\/2017\/12\/mwsat-20171210-IMG_9020-150x100.jpg 150w, https:\/\/www.pfarregersthof.at\/komm\/wp-content\/uploads\/2017\/12\/mwsat-20171210-IMG_9020-300x200.jpg 300w, https:\/\/www.pfarregersthof.at\/komm\/wp-content\/uploads\/2017\/12\/mwsat-20171210-IMG_9020-768x512.jpg 768w, https:\/\/www.pfarregersthof.at\/komm\/wp-content\/uploads\/2017\/12\/mwsat-20171210-IMG_9020.jpg 1000w\" sizes=\"auto, (max-width: 600px) 100vw, 600px\" \/><\/a><\/p>\n<h6>Fotos: Michael Steidl<\/h6>\n<p>&nbsp;<\/p>\n","protected":false},"excerpt":{"rendered":"<p>Im Rahmen der Weihnachtspaketaktion dieses Jahres werden rund 260 Pakete an rund 750 Personen gehen. &#8222;Diese Paketaktion ver\u00e4ndert das Leben. Das Leben jener, die diese Geschenke erhalten, aber auch das Leben der Schenkenden. Durch das was hier getan wird, wird die Liebe Gottes erfahrbar.&#8220; So fasste Michael Landau, Leiter der Caritas der Erzdi\u00f6zese Wien und [&hellip;]<\/p>\n","protected":false},"author":2,"featured_media":5004,"comment_status":"open","ping_status":"open","sticky":false,"template":"","format":"standard","meta":{"ngg_post_thumbnail":0,"footnotes":""},"categories":[7],"tags":[],"class_list":{"0":"post-4999","1":"post","2":"type-post","3":"status-publish","4":"format-standard","5":"has-post-thumbnail","7":"category-archiv"},"publishpress_future_action":{"enabled":false,"date":"2026-05-02 10:43:13","action":"category","newStatus":"draft","terms":[],"taxonomy":"category","extraData":[]},"publishpress_future_workflow_manual_trigger":{"enabledWorkflows":[]},"_links":{"self":[{"href":"https:\/\/www.pfarregersthof.at\/komm\/wp-json\/wp\/v2\/posts\/4999","targetHints":{"allow":["GET"]}}],"collection":[{"href":"https:\/\/www.pfarregersthof.at\/komm\/wp-json\/wp\/v2\/posts"}],"about":[{"href":"https:\/\/www.pfarregersthof.at\/komm\/wp-json\/wp\/v2\/types\/post"}],"author":[{"embeddable":true,"href":"https:\/\/www.pfarregersthof.at\/komm\/wp-json\/wp\/v2\/users\/2"}],"replies":[{"embeddable":true,"href":"https:\/\/www.pfarregersthof.at\/komm\/wp-json\/wp\/v2\/comments?post=4999"}],"version-history":[{"count":5,"href":"https:\/\/www.pfarregersthof.at\/komm\/wp-json\/wp\/v2\/posts\/4999\/revisions"}],"predecessor-version":[{"id":5011,"href":"https:\/\/www.pfarregersthof.at\/komm\/wp-json\/wp\/v2\/posts\/4999\/revisions\/5011"}],"wp:featuredmedia":[{"embeddable":true,"href":"https:\/\/www.pfarregersthof.at\/komm\/wp-json\/wp\/v2\/media\/5004"}],"wp:attachment":[{"href":"https:\/\/www.pfarregersthof.at\/komm\/wp-json\/wp\/v2\/media?parent=4999"}],"wp:term":[{"taxonomy":"category","embeddable":true,"href":"https:\/\/www.pfarregersthof.at\/komm\/wp-json\/wp\/v2\/categories?post=4999"},{"taxonomy":"post_tag","embeddable":true,"href":"https:\/\/www.pfarregersthof.at\/komm\/wp-json\/wp\/v2\/tags?post=4999"}],"curies":[{"name":"wp","href":"https:\/\/api.w.org\/{rel}","templated":true}]}}