{"id":5017,"date":"2018-01-04T11:26:13","date_gmt":"2018-01-04T10:26:13","guid":{"rendered":"http:\/\/www.pfarregersthof.at\/komm\/?p=5017"},"modified":"2018-01-13T18:38:23","modified_gmt":"2018-01-13T17:38:23","slug":"sternsinger-in-gersthof-3-8-1","status":"publish","type":"post","link":"https:\/\/www.pfarregersthof.at\/komm\/2018\/01\/sternsinger-in-gersthof-3-8-1\/","title":{"rendered":"Sternsinger in Gersthof (3.-8.1.)"},"content":{"rendered":"<p>Die SternsingerInnen sind von 3. bis 8. J\u00e4nner 2018 wieder in Gersthof unterwegs:\u00a03., 4. und 8. 1. nachmittags, 5., 6., 7. 1. ganztags \u2013 Danke f\u00fcr Ihre Unterst\u00fctzung!<\/p>\n<p>Wir erbitten die freundliche Aufnahme der Kinder- und Jugendgruppen, sowie deren BegleiterInnen, die diese \u00f6sterreichweite gro\u00dfartige Hilfsaktion erm\u00f6glichen. Die Dreik\u00f6nigsaktion unterst\u00fctzt 500 Projekte in 20 L\u00e4ndern in Asien, Afrika und Lateinamerika \u2013 mit Ihren Spenden wenden j\u00e4hrlich 1 Million Menschen ihr Leben zum Besseren.<\/p>\n<p>Die Spenden kommen heuer u. a. Kindern und Jugendlichen in Nicaragua zugute. Im Projekt FUNARTE k\u00f6nnen sie ihre Erfahrungen von Gewalt, Einsamkeit, Hunger und Perspektivenlosigkeit mithilfe von Kunst verarbeiten, neues Selbstbewusstsein und Hoffnung gewinnen.<\/p>\n<p>Nutzen Sie die steuerliche Absetzbarkeit und spenden Sie bitte entsprechend mehr \u2013 auf Wunsch werden von allen Gruppen Spendenbest\u00e4tigungen ausgestellt ebenso wie das nach den Gottesdiensten in diesen Tagen m\u00f6glich sein wird.<\/p>\n<p>Danke!<\/p>\n<p><span style=\"color: #3366ff;\"><em>Irene Dorninger &amp; Monika Gamillscheg<\/em><\/span><\/p>\n","protected":false},"excerpt":{"rendered":"<p>Die SternsingerInnen sind von 3. bis 8. J\u00e4nner 2018 wieder in Gersthof unterwegs:\u00a03., 4. und 8. 1. nachmittags, 5., 6., 7. 1. ganztags \u2013 Danke f\u00fcr Ihre Unterst\u00fctzung! Wir erbitten die freundliche Aufnahme der Kinder- und Jugendgruppen, sowie deren BegleiterInnen, die diese \u00f6sterreichweite gro\u00dfartige Hilfsaktion erm\u00f6glichen. Die Dreik\u00f6nigsaktion unterst\u00fctzt 500 Projekte in 20 L\u00e4ndern in [&hellip;]<\/p>\n","protected":false},"author":2,"featured_media":0,"comment_status":"open","ping_status":"open","sticky":false,"template":"","format":"standard","meta":{"ngg_post_thumbnail":0,"footnotes":""},"categories":[7],"tags":[],"class_list":{"0":"post-5017","1":"post","2":"type-post","3":"status-publish","4":"format-standard","6":"category-archiv"},"publishpress_future_action":{"enabled":false,"date":"2026-05-02 10:30:53","action":"category","newStatus":"draft","terms":[],"taxonomy":"category","extraData":[]},"publishpress_future_workflow_manual_trigger":{"enabledWorkflows":[]},"_links":{"self":[{"href":"https:\/\/www.pfarregersthof.at\/komm\/wp-json\/wp\/v2\/posts\/5017","targetHints":{"allow":["GET"]}}],"collection":[{"href":"https:\/\/www.pfarregersthof.at\/komm\/wp-json\/wp\/v2\/posts"}],"about":[{"href":"https:\/\/www.pfarregersthof.at\/komm\/wp-json\/wp\/v2\/types\/post"}],"author":[{"embeddable":true,"href":"https:\/\/www.pfarregersthof.at\/komm\/wp-json\/wp\/v2\/users\/2"}],"replies":[{"embeddable":true,"href":"https:\/\/www.pfarregersthof.at\/komm\/wp-json\/wp\/v2\/comments?post=5017"}],"version-history":[{"count":1,"href":"https:\/\/www.pfarregersthof.at\/komm\/wp-json\/wp\/v2\/posts\/5017\/revisions"}],"predecessor-version":[{"id":5018,"href":"https:\/\/www.pfarregersthof.at\/komm\/wp-json\/wp\/v2\/posts\/5017\/revisions\/5018"}],"wp:attachment":[{"href":"https:\/\/www.pfarregersthof.at\/komm\/wp-json\/wp\/v2\/media?parent=5017"}],"wp:term":[{"taxonomy":"category","embeddable":true,"href":"https:\/\/www.pfarregersthof.at\/komm\/wp-json\/wp\/v2\/categories?post=5017"},{"taxonomy":"post_tag","embeddable":true,"href":"https:\/\/www.pfarregersthof.at\/komm\/wp-json\/wp\/v2\/tags?post=5017"}],"curies":[{"name":"wp","href":"https:\/\/api.w.org\/{rel}","templated":true}]}}