{"id":5051,"date":"2018-01-13T18:49:52","date_gmt":"2018-01-13T17:49:52","guid":{"rendered":"http:\/\/www.pfarregersthof.at\/komm\/?p=5051"},"modified":"2018-01-27T16:16:34","modified_gmt":"2018-01-27T15:16:34","slug":"60plus-juedisches-museum-25-1","status":"publish","type":"post","link":"https:\/\/www.pfarregersthof.at\/komm\/2018\/01\/60plus-juedisches-museum-25-1\/","title":{"rendered":"60plus: J\u00fcdisches Museum (25.1.)"},"content":{"rendered":"<p>Wir starten im neuen Jahr mit einem tollen Programm. Am 25.01.2018 um 14.00 Uhr werden wir das <strong>J\u00fcdische Museum<\/strong> besuchen. Eine F\u00fchrung durch die Ausstellung \u201eHelena Rubinstein die Sch\u00f6nheitserfinderin\u201c macht den Anfang; dann werden wir die Ausgrabungen der mittelalterlichen Synagoge im Untergescho\u00df besuchen. Im 3.ten Teil der F\u00fchrung wird uns das Denkmal am Judenplatz nahegebracht. Im Anschluss ist f\u00fcr uns im Cafe Eskeles reserviert.<\/p>\n<p><strong>Treffpunkt: Donnerstag, 25.01., um 13.45 Uhr am Judenplatz beim Denkmal<\/strong>. Bitte um Anmeldung im <a href=\"\/komm\/pfarre-von-a-z\/information\/kontakt-aufnehmen\/#pfarrsek\" target=\"_blank\" rel=\"noopener\">Pfarrsekretariat<\/a>.<\/p>\n<p>Auf Ihr zahlreiches Kommen freut sich das Caritasteam<\/p>\n","protected":false},"excerpt":{"rendered":"<p>Wir starten im neuen Jahr mit einem tollen Programm. Am 25.01.2018 um 14.00 Uhr werden wir das J\u00fcdische Museum besuchen. Eine F\u00fchrung durch die Ausstellung \u201eHelena Rubinstein die Sch\u00f6nheitserfinderin\u201c macht den Anfang; dann werden wir die Ausgrabungen der mittelalterlichen Synagoge im Untergescho\u00df besuchen. Im 3.ten Teil der F\u00fchrung wird uns das Denkmal am Judenplatz nahegebracht. [&hellip;]<\/p>\n","protected":false},"author":2,"featured_media":0,"comment_status":"open","ping_status":"open","sticky":false,"template":"","format":"standard","meta":{"ngg_post_thumbnail":0,"footnotes":""},"categories":[7],"tags":[],"class_list":{"0":"post-5051","1":"post","2":"type-post","3":"status-publish","4":"format-standard","6":"category-archiv"},"publishpress_future_action":{"enabled":false,"date":"2026-05-04 12:55:23","action":"category","newStatus":"draft","terms":[],"taxonomy":"category","extraData":[]},"publishpress_future_workflow_manual_trigger":{"enabledWorkflows":[]},"_links":{"self":[{"href":"https:\/\/www.pfarregersthof.at\/komm\/wp-json\/wp\/v2\/posts\/5051","targetHints":{"allow":["GET"]}}],"collection":[{"href":"https:\/\/www.pfarregersthof.at\/komm\/wp-json\/wp\/v2\/posts"}],"about":[{"href":"https:\/\/www.pfarregersthof.at\/komm\/wp-json\/wp\/v2\/types\/post"}],"author":[{"embeddable":true,"href":"https:\/\/www.pfarregersthof.at\/komm\/wp-json\/wp\/v2\/users\/2"}],"replies":[{"embeddable":true,"href":"https:\/\/www.pfarregersthof.at\/komm\/wp-json\/wp\/v2\/comments?post=5051"}],"version-history":[{"count":1,"href":"https:\/\/www.pfarregersthof.at\/komm\/wp-json\/wp\/v2\/posts\/5051\/revisions"}],"predecessor-version":[{"id":5052,"href":"https:\/\/www.pfarregersthof.at\/komm\/wp-json\/wp\/v2\/posts\/5051\/revisions\/5052"}],"wp:attachment":[{"href":"https:\/\/www.pfarregersthof.at\/komm\/wp-json\/wp\/v2\/media?parent=5051"}],"wp:term":[{"taxonomy":"category","embeddable":true,"href":"https:\/\/www.pfarregersthof.at\/komm\/wp-json\/wp\/v2\/categories?post=5051"},{"taxonomy":"post_tag","embeddable":true,"href":"https:\/\/www.pfarregersthof.at\/komm\/wp-json\/wp\/v2\/tags?post=5051"}],"curies":[{"name":"wp","href":"https:\/\/api.w.org\/{rel}","templated":true}]}}