{"id":5056,"date":"2018-01-13T18:57:36","date_gmt":"2018-01-13T17:57:36","guid":{"rendered":"http:\/\/www.pfarregersthof.at\/komm\/?p=5056"},"modified":"2018-01-27T16:16:12","modified_gmt":"2018-01-27T15:16:12","slug":"schueler-gerber-als-drama-in-der-krim-ab-18-1","status":"publish","type":"post","link":"https:\/\/www.pfarregersthof.at\/komm\/2018\/01\/schueler-gerber-als-drama-in-der-krim-ab-18-1\/","title":{"rendered":"Sch\u00fcler Gerber als Drama &#8211; in der Krim (ab 18.1.)"},"content":{"rendered":"<p>Das JUGENDTHEATER KRIM f\u00fchrt den bekannten Roman &#8222;Der Sch\u00fcler Gerber&#8220; von Friedrich Torberg in einer Dramatisierung von Felix Mitterer in diesem Monat auf.<\/p>\n<p>Spieltermine: 18.\/19.\/25.\/26. J\u00e4nner jeweils um 19.30 Uhr, 21.\/28. J\u00e4nner jeweils um 18.00 Uhr.<br \/>\nOrt: Pfarre Krim, Weinberggasse 37, 1190 Wien.<br \/>\nKartenreservierungen unbedingt erforderlich unter <a href=\"mailto:jugendtheater.krim@gmx.at\">jugendtheater.krim@gmx.at<\/a>.<br \/>\nStatt fixen Eintrittspreisen bitten wir um Spenden f\u00fcr verschiedene caritative Anliegen des Jugendtheaters.<br \/>\n<span style=\"color: #3366ff;\"><em>Mag. Eva Andreewitch<\/em><\/span><\/p>\n","protected":false},"excerpt":{"rendered":"<p>Das JUGENDTHEATER KRIM f\u00fchrt den bekannten Roman &#8222;Der Sch\u00fcler Gerber&#8220; von Friedrich Torberg in einer Dramatisierung von Felix Mitterer in diesem Monat auf. Spieltermine: 18.\/19.\/25.\/26. J\u00e4nner jeweils um 19.30 Uhr, 21.\/28. J\u00e4nner jeweils um 18.00 Uhr. Ort: Pfarre Krim, Weinberggasse 37, 1190 Wien. Kartenreservierungen unbedingt erforderlich unter jugendtheater.krim@gmx.at. Statt fixen Eintrittspreisen bitten wir um Spenden [&hellip;]<\/p>\n","protected":false},"author":2,"featured_media":0,"comment_status":"open","ping_status":"open","sticky":false,"template":"","format":"standard","meta":{"ngg_post_thumbnail":0,"footnotes":""},"categories":[7],"tags":[],"class_list":{"0":"post-5056","1":"post","2":"type-post","3":"status-publish","4":"format-standard","6":"category-archiv"},"publishpress_future_action":{"enabled":false,"date":"2026-05-04 12:36:16","action":"category","newStatus":"draft","terms":[],"taxonomy":"category","extraData":[]},"publishpress_future_workflow_manual_trigger":{"enabledWorkflows":[]},"_links":{"self":[{"href":"https:\/\/www.pfarregersthof.at\/komm\/wp-json\/wp\/v2\/posts\/5056","targetHints":{"allow":["GET"]}}],"collection":[{"href":"https:\/\/www.pfarregersthof.at\/komm\/wp-json\/wp\/v2\/posts"}],"about":[{"href":"https:\/\/www.pfarregersthof.at\/komm\/wp-json\/wp\/v2\/types\/post"}],"author":[{"embeddable":true,"href":"https:\/\/www.pfarregersthof.at\/komm\/wp-json\/wp\/v2\/users\/2"}],"replies":[{"embeddable":true,"href":"https:\/\/www.pfarregersthof.at\/komm\/wp-json\/wp\/v2\/comments?post=5056"}],"version-history":[{"count":1,"href":"https:\/\/www.pfarregersthof.at\/komm\/wp-json\/wp\/v2\/posts\/5056\/revisions"}],"predecessor-version":[{"id":5057,"href":"https:\/\/www.pfarregersthof.at\/komm\/wp-json\/wp\/v2\/posts\/5056\/revisions\/5057"}],"wp:attachment":[{"href":"https:\/\/www.pfarregersthof.at\/komm\/wp-json\/wp\/v2\/media?parent=5056"}],"wp:term":[{"taxonomy":"category","embeddable":true,"href":"https:\/\/www.pfarregersthof.at\/komm\/wp-json\/wp\/v2\/categories?post=5056"},{"taxonomy":"post_tag","embeddable":true,"href":"https:\/\/www.pfarregersthof.at\/komm\/wp-json\/wp\/v2\/tags?post=5056"}],"curies":[{"name":"wp","href":"https:\/\/api.w.org\/{rel}","templated":true}]}}