{"id":5076,"date":"2018-01-27T16:44:33","date_gmt":"2018-01-27T15:44:33","guid":{"rendered":"http:\/\/www.pfarregersthof.at\/komm\/?p=5076"},"modified":"2021-01-09T15:41:59","modified_gmt":"2021-01-09T14:41:59","slug":"pfarrer-norbert-bis-2020-in-gersthof","status":"publish","type":"post","link":"https:\/\/www.pfarregersthof.at\/komm\/2018\/01\/pfarrer-norbert-bis-2020-in-gersthof\/","title":{"rendered":"Pfarrer Norbert &#8211; bis 2020 in Gersthof"},"content":{"rendered":"<p>Damit keine Ger\u00fcchte entstehen teile ich mit: nach Vorgespr\u00e4ch am 10. 1. 2017 und nach aktuellem Gespr\u00e4ch am 16. 1. 2018 mit Kardinal Erzbischof Dr. Christoph Sch\u00f6nborn ist meine Dienstzeit als Gersthofer Pfarrer (trotz Kirchenrecht, das mit Vollendung meines 75.Lebensjahres d.i. am 8. 4. 2018, das Ende der Amtszeit vorsieht!) verl\u00e4ngert worden!<\/p>\n<p>Wir haben uns geeinigt, dass ich eine \u201eNachspielzeit\u201c von zwei Jahren erhalte, d.h. bis 31 .8. 2020 bleibe ich (so Gott will und es die Gesundheit erlaubt) hier Pfarrer.<br \/>\nDein \/Ihr \/Euer <span style=\"color: #3366ff;\"><em>Pfr. Norbert<\/em><\/span><\/p>\n","protected":false},"excerpt":{"rendered":"<p>Damit keine Ger\u00fcchte entstehen teile ich mit: nach Vorgespr\u00e4ch am 10. 1. 2017 und nach aktuellem Gespr\u00e4ch am 16. 1. 2018 mit Kardinal Erzbischof Dr. Christoph Sch\u00f6nborn ist meine Dienstzeit als Gersthofer Pfarrer (trotz Kirchenrecht, das mit Vollendung meines 75.Lebensjahres d.i. am 8. 4. 2018, das Ende der Amtszeit vorsieht!) verl\u00e4ngert worden! Wir haben uns [&hellip;]<\/p>\n","protected":false},"author":2,"featured_media":0,"comment_status":"open","ping_status":"open","sticky":false,"template":"","format":"standard","meta":{"ngg_post_thumbnail":0,"footnotes":""},"categories":[7],"tags":[],"class_list":{"0":"post-5076","1":"post","2":"type-post","3":"status-publish","4":"format-standard","6":"category-archiv"},"publishpress_future_action":{"enabled":false,"date":"2026-05-02 10:54:14","action":"category","newStatus":"draft","terms":[],"taxonomy":"category","extraData":[]},"publishpress_future_workflow_manual_trigger":{"enabledWorkflows":[]},"_links":{"self":[{"href":"https:\/\/www.pfarregersthof.at\/komm\/wp-json\/wp\/v2\/posts\/5076","targetHints":{"allow":["GET"]}}],"collection":[{"href":"https:\/\/www.pfarregersthof.at\/komm\/wp-json\/wp\/v2\/posts"}],"about":[{"href":"https:\/\/www.pfarregersthof.at\/komm\/wp-json\/wp\/v2\/types\/post"}],"author":[{"embeddable":true,"href":"https:\/\/www.pfarregersthof.at\/komm\/wp-json\/wp\/v2\/users\/2"}],"replies":[{"embeddable":true,"href":"https:\/\/www.pfarregersthof.at\/komm\/wp-json\/wp\/v2\/comments?post=5076"}],"version-history":[{"count":1,"href":"https:\/\/www.pfarregersthof.at\/komm\/wp-json\/wp\/v2\/posts\/5076\/revisions"}],"predecessor-version":[{"id":5077,"href":"https:\/\/www.pfarregersthof.at\/komm\/wp-json\/wp\/v2\/posts\/5076\/revisions\/5077"}],"wp:attachment":[{"href":"https:\/\/www.pfarregersthof.at\/komm\/wp-json\/wp\/v2\/media?parent=5076"}],"wp:term":[{"taxonomy":"category","embeddable":true,"href":"https:\/\/www.pfarregersthof.at\/komm\/wp-json\/wp\/v2\/categories?post=5076"},{"taxonomy":"post_tag","embeddable":true,"href":"https:\/\/www.pfarregersthof.at\/komm\/wp-json\/wp\/v2\/tags?post=5076"}],"curies":[{"name":"wp","href":"https:\/\/api.w.org\/{rel}","templated":true}]}}