{"id":5095,"date":"2018-02-17T15:31:59","date_gmt":"2018-02-17T14:31:59","guid":{"rendered":"http:\/\/www.pfarregersthof.at\/komm\/?p=5095"},"modified":"2018-02-25T18:38:26","modified_gmt":"2018-02-25T17:38:26","slug":"visitationsgottesdienst-mit-bischof-kraetzl-25-2","status":"publish","type":"post","link":"https:\/\/www.pfarregersthof.at\/komm\/2018\/02\/visitationsgottesdienst-mit-bischof-kraetzl-25-2\/","title":{"rendered":"Visitationsgottesdienst mit Bischof Kr\u00e4tzl (25.2.)"},"content":{"rendered":"<p>In diesem Jahr wird die Pfarre Gersthof <a href=\"\/komm\/2018\/01\/bischoefliche-visitation-von-gersthof\/\">wieder bisch\u00f6flich visitiert<\/a>, heuer von Weihbischof Dr. Helmut Kr\u00e4tzl. Unsere Gemeinde St. Leopold hei\u00dft unseren Visitator herzlich willkommen!<\/p>\n<p>Am <strong>Sonntag, 25. Februar, um 10.00 Uhr<\/strong> feiern wir gemeinsam einen \u201e<strong>Visitationsgottesdienst<\/strong>\u201c in der Pfarrkirche, anschlie\u00dfend Begegnung beim Pfarrkaffee im Gemeindezentrum (an diesem Sonntag findet nur EIN Gottesdienst am Vormittag statt, d.h. 8.30 Uhr entf\u00e4llt!)<\/p>\n<p>Am Freitag, 23. Februar, besucht Weihbischof Bischof Kr\u00e4tzl unseren Kindergarten.<br \/>\nAm Samstag, 3.M\u00e4rz, um 15.00 Uhr im Marianum, nimmt er am <a href=\"\/komm\/2018\/01\/vernetzung-am-gemeindetag-3-3\/\">Gemeindetreffen rund um \u201eVernetzung\u201c<\/a> teil.<\/p>\n<p><span style=\"color: #3366ff;\"><em>Pfr. Norbert<\/em><\/span> und <em><span style=\"color: #3366ff;\">Dr. Wolfgang Fellner<\/span><\/em> f\u00fcr den PGR<\/p>\n","protected":false},"excerpt":{"rendered":"<p>In diesem Jahr wird die Pfarre Gersthof wieder bisch\u00f6flich visitiert, heuer von Weihbischof Dr. Helmut Kr\u00e4tzl. Unsere Gemeinde St. Leopold hei\u00dft unseren Visitator herzlich willkommen! Am Sonntag, 25. Februar, um 10.00 Uhr feiern wir gemeinsam einen \u201eVisitationsgottesdienst\u201c in der Pfarrkirche, anschlie\u00dfend Begegnung beim Pfarrkaffee im Gemeindezentrum (an diesem Sonntag findet nur EIN Gottesdienst am Vormittag [&hellip;]<\/p>\n","protected":false},"author":2,"featured_media":0,"comment_status":"open","ping_status":"open","sticky":false,"template":"","format":"standard","meta":{"ngg_post_thumbnail":0,"footnotes":""},"categories":[7],"tags":[],"class_list":{"0":"post-5095","1":"post","2":"type-post","3":"status-publish","4":"format-standard","6":"category-archiv"},"publishpress_future_action":{"enabled":false,"date":"2026-05-05 16:34:54","action":"category","newStatus":"draft","terms":[],"taxonomy":"category","extraData":[]},"publishpress_future_workflow_manual_trigger":{"enabledWorkflows":[]},"_links":{"self":[{"href":"https:\/\/www.pfarregersthof.at\/komm\/wp-json\/wp\/v2\/posts\/5095","targetHints":{"allow":["GET"]}}],"collection":[{"href":"https:\/\/www.pfarregersthof.at\/komm\/wp-json\/wp\/v2\/posts"}],"about":[{"href":"https:\/\/www.pfarregersthof.at\/komm\/wp-json\/wp\/v2\/types\/post"}],"author":[{"embeddable":true,"href":"https:\/\/www.pfarregersthof.at\/komm\/wp-json\/wp\/v2\/users\/2"}],"replies":[{"embeddable":true,"href":"https:\/\/www.pfarregersthof.at\/komm\/wp-json\/wp\/v2\/comments?post=5095"}],"version-history":[{"count":1,"href":"https:\/\/www.pfarregersthof.at\/komm\/wp-json\/wp\/v2\/posts\/5095\/revisions"}],"predecessor-version":[{"id":5096,"href":"https:\/\/www.pfarregersthof.at\/komm\/wp-json\/wp\/v2\/posts\/5095\/revisions\/5096"}],"wp:attachment":[{"href":"https:\/\/www.pfarregersthof.at\/komm\/wp-json\/wp\/v2\/media?parent=5095"}],"wp:term":[{"taxonomy":"category","embeddable":true,"href":"https:\/\/www.pfarregersthof.at\/komm\/wp-json\/wp\/v2\/categories?post=5095"},{"taxonomy":"post_tag","embeddable":true,"href":"https:\/\/www.pfarregersthof.at\/komm\/wp-json\/wp\/v2\/tags?post=5095"}],"curies":[{"name":"wp","href":"https:\/\/api.w.org\/{rel}","templated":true}]}}