{"id":5097,"date":"2018-02-17T15:38:24","date_gmt":"2018-02-17T14:38:24","guid":{"rendered":"http:\/\/www.pfarregersthof.at\/komm\/?p=5097"},"modified":"2018-02-25T18:38:17","modified_gmt":"2018-02-25T17:38:17","slug":"kreuzweg-der-verfolgten-christen-23-2","status":"publish","type":"post","link":"https:\/\/www.pfarregersthof.at\/komm\/2018\/02\/kreuzweg-der-verfolgten-christen-23-2\/","title":{"rendered":"Kreuzweg der verfolgten Christen (23.2.)"},"content":{"rendered":"<p>Wir laden ein zu einem Kreuzweg der verfolgten Christen am Freitag 23. Februar um 17.00 Uhr in der Pfarrkirche.<\/p>\n<p>Die Christenverfolgung ist eine besorgniserregende Entwicklung, die die grundlegenden Menschenrechte angreift. In vielen L\u00e4ndern unserer Erde werden Christen wegen ihres Glaubens, wegen ihrer \u00dcberzeugung, wegen ihres Zeugnisses f\u00fcr Christus verfolgt, entrechtet und ermordet. Papst Franziskus sprach von \u201eunserer Kirche\u201c, die heutzutage \u201ewieder eine Kirche der M\u00e4rtyrer geworden ist. Beim Kreuzweg der verfolgten Christen gedenken wir im Gebet unserer verfolgten Br\u00fcder und Schwestern.<\/p>\n<p><span style=\"color: #3366ff;\"><em>Diakon Toni<\/em><\/span><\/p>\n","protected":false},"excerpt":{"rendered":"<p>Wir laden ein zu einem Kreuzweg der verfolgten Christen am Freitag 23. Februar um 17.00 Uhr in der Pfarrkirche. Die Christenverfolgung ist eine besorgniserregende Entwicklung, die die grundlegenden Menschenrechte angreift. In vielen L\u00e4ndern unserer Erde werden Christen wegen ihres Glaubens, wegen ihrer \u00dcberzeugung, wegen ihres Zeugnisses f\u00fcr Christus verfolgt, entrechtet und ermordet. Papst Franziskus sprach [&hellip;]<\/p>\n","protected":false},"author":2,"featured_media":0,"comment_status":"open","ping_status":"open","sticky":false,"template":"","format":"standard","meta":{"ngg_post_thumbnail":0,"footnotes":""},"categories":[7],"tags":[],"class_list":{"0":"post-5097","1":"post","2":"type-post","3":"status-publish","4":"format-standard","6":"category-archiv"},"publishpress_future_action":{"enabled":false,"date":"2026-05-05 16:30:54","action":"category","newStatus":"draft","terms":[],"taxonomy":"category","extraData":[]},"publishpress_future_workflow_manual_trigger":{"enabledWorkflows":[]},"_links":{"self":[{"href":"https:\/\/www.pfarregersthof.at\/komm\/wp-json\/wp\/v2\/posts\/5097","targetHints":{"allow":["GET"]}}],"collection":[{"href":"https:\/\/www.pfarregersthof.at\/komm\/wp-json\/wp\/v2\/posts"}],"about":[{"href":"https:\/\/www.pfarregersthof.at\/komm\/wp-json\/wp\/v2\/types\/post"}],"author":[{"embeddable":true,"href":"https:\/\/www.pfarregersthof.at\/komm\/wp-json\/wp\/v2\/users\/2"}],"replies":[{"embeddable":true,"href":"https:\/\/www.pfarregersthof.at\/komm\/wp-json\/wp\/v2\/comments?post=5097"}],"version-history":[{"count":1,"href":"https:\/\/www.pfarregersthof.at\/komm\/wp-json\/wp\/v2\/posts\/5097\/revisions"}],"predecessor-version":[{"id":5098,"href":"https:\/\/www.pfarregersthof.at\/komm\/wp-json\/wp\/v2\/posts\/5097\/revisions\/5098"}],"wp:attachment":[{"href":"https:\/\/www.pfarregersthof.at\/komm\/wp-json\/wp\/v2\/media?parent=5097"}],"wp:term":[{"taxonomy":"category","embeddable":true,"href":"https:\/\/www.pfarregersthof.at\/komm\/wp-json\/wp\/v2\/categories?post=5097"},{"taxonomy":"post_tag","embeddable":true,"href":"https:\/\/www.pfarregersthof.at\/komm\/wp-json\/wp\/v2\/tags?post=5097"}],"curies":[{"name":"wp","href":"https:\/\/api.w.org\/{rel}","templated":true}]}}