{"id":5146,"date":"2018-03-11T18:20:39","date_gmt":"2018-03-11T17:20:39","guid":{"rendered":"http:\/\/www.pfarregersthof.at\/komm\/?p=5146"},"modified":"2018-03-19T09:33:54","modified_gmt":"2018-03-19T08:33:54","slug":"gemeindebefragung-ergebnis-18-3","status":"publish","type":"post","link":"https:\/\/www.pfarregersthof.at\/komm\/2018\/03\/gemeindebefragung-ergebnis-18-3\/","title":{"rendered":"Gemeindebefragung Ergebnis (18.3.)"},"content":{"rendered":"<p>Im Herbst 2017 wurde eine Gemeindebefragung unter dem Titel \u201eWas (uns) an der Pfarrgemeinde Gersthof wichtig ist\u201c durchgef\u00fchrt.&nbsp; Nach dem R\u00fccklauf von 558 Aussagen wurden diese vom PGR-Mitglied G\u00fcnter Schm\u00f6lz ausgewertet und dem Pfarrgemeinderat am 6. M\u00e4rz vorgestellt. Dieser hat beschlossen, die Ergebnisse der (Gottesdienst-)Gemeinde in vielfacher Form zu pr\u00e4sentieren, unter anderem in der Gemeindemesse am Sonntag, 18. M\u00e4rz, um 10 Uhr.<br \/>\nIhr Interesse erhofft<br \/>\n<span style=\"color: #3366ff;\"><em>Pfr. Norbert<\/em><\/span><\/p>\n","protected":false},"excerpt":{"rendered":"<p>Im Herbst 2017 wurde eine Gemeindebefragung unter dem Titel \u201eWas (uns) an der Pfarrgemeinde Gersthof wichtig ist\u201c durchgef\u00fchrt.&nbsp; Nach dem R\u00fccklauf von 558 Aussagen wurden diese vom PGR-Mitglied G\u00fcnter Schm\u00f6lz ausgewertet und dem Pfarrgemeinderat am 6. M\u00e4rz vorgestellt. Dieser hat beschlossen, die Ergebnisse der (Gottesdienst-)Gemeinde in vielfacher Form zu pr\u00e4sentieren, unter anderem in der Gemeindemesse [&hellip;]<\/p>\n","protected":false},"author":2,"featured_media":0,"comment_status":"open","ping_status":"open","sticky":false,"template":"","format":"standard","meta":{"ngg_post_thumbnail":0,"footnotes":""},"categories":[7],"tags":[],"class_list":{"0":"post-5146","1":"post","2":"type-post","3":"status-publish","4":"format-standard","6":"category-archiv"},"publishpress_future_action":{"enabled":false,"date":"2026-05-02 10:40:45","action":"category","newStatus":"draft","terms":[],"taxonomy":"category","extraData":[]},"publishpress_future_workflow_manual_trigger":{"enabledWorkflows":[]},"_links":{"self":[{"href":"https:\/\/www.pfarregersthof.at\/komm\/wp-json\/wp\/v2\/posts\/5146","targetHints":{"allow":["GET"]}}],"collection":[{"href":"https:\/\/www.pfarregersthof.at\/komm\/wp-json\/wp\/v2\/posts"}],"about":[{"href":"https:\/\/www.pfarregersthof.at\/komm\/wp-json\/wp\/v2\/types\/post"}],"author":[{"embeddable":true,"href":"https:\/\/www.pfarregersthof.at\/komm\/wp-json\/wp\/v2\/users\/2"}],"replies":[{"embeddable":true,"href":"https:\/\/www.pfarregersthof.at\/komm\/wp-json\/wp\/v2\/comments?post=5146"}],"version-history":[{"count":1,"href":"https:\/\/www.pfarregersthof.at\/komm\/wp-json\/wp\/v2\/posts\/5146\/revisions"}],"predecessor-version":[{"id":5147,"href":"https:\/\/www.pfarregersthof.at\/komm\/wp-json\/wp\/v2\/posts\/5146\/revisions\/5147"}],"wp:attachment":[{"href":"https:\/\/www.pfarregersthof.at\/komm\/wp-json\/wp\/v2\/media?parent=5146"}],"wp:term":[{"taxonomy":"category","embeddable":true,"href":"https:\/\/www.pfarregersthof.at\/komm\/wp-json\/wp\/v2\/categories?post=5146"},{"taxonomy":"post_tag","embeddable":true,"href":"https:\/\/www.pfarregersthof.at\/komm\/wp-json\/wp\/v2\/tags?post=5146"}],"curies":[{"name":"wp","href":"https:\/\/api.w.org\/{rel}","templated":true}]}}