{"id":5158,"date":"2018-03-24T13:33:31","date_gmt":"2018-03-24T12:33:31","guid":{"rendered":"http:\/\/www.pfarregersthof.at\/komm\/?p=5158"},"modified":"2018-04-02T17:16:37","modified_gmt":"2018-04-02T16:16:37","slug":"oekumenische-ostervesper-1-4","status":"publish","type":"post","link":"https:\/\/www.pfarregersthof.at\/komm\/2018\/03\/oekumenische-ostervesper-1-4\/","title":{"rendered":"\u00d6kumenische Ostervesper (1.4.)"},"content":{"rendered":"<p>Herzliche Einladung zur 33. \u00d6kumenische Ostervesper am Ostersonntag, 1. April, 18.00 Uhr, in der Pfarrkirche am Bischof Faber Platz.<\/p>\n<p>2001, 2004, 2007, 2010, 2011, 2014, 2017 und 2025 \u2013 das sind die Jahre, in denen Ostern die Ost- und Westkirche am selben Sonntag feiern. Bestrebungen einen gemeinsamen Ostertermin aller Christen festzulegen, sind bis jetzt gescheitert.<\/p>\n<p>Traditionell feiert unsere Pfarre seit mehr als drei\u00dfig Jahren am Ostersonntag um 18.00 Uhr eine \u00d6kumenische Ostervesper. Die Predigt h\u00e4lt heuer Frau Pastorin Esther Handschin (evang. \u2013 method. Kirche).<\/p>\n<p>Wie immer sind auch unsere evangelischen und altkatholischen Geschwister eingeladen. Einen Dank an Herrn Rudolf Eibl, der die Feier liturgisch seit Jahren liebevoll vorbereitet. In bew\u00e4hrter Form gibt es nach der Ostervesper eine \u00f6sterliche Agape, die traditionell das Team um Hermann Lanm\u00fcller mit gro\u00dfem Engagement ausrichtet. Allen Beteiligten ein herzliches DANKE. N\u00fctzen wir die Gelegenheit gemeinsam zu feiern und einander kennenzulernen.<\/p>\n<p>Ein freudvolles Osterfest w\u00fcnschen und auf zahlreiche Teilnahme hoffen<br \/>\n<span style=\"color: #3366ff;\"><em>Pfarrer Norbert Rodt und Heinrich Bica<\/em><\/span><\/p>\n","protected":false},"excerpt":{"rendered":"<p>Herzliche Einladung zur 33. \u00d6kumenische Ostervesper am Ostersonntag, 1. April, 18.00 Uhr, in der Pfarrkirche am Bischof Faber Platz. 2001, 2004, 2007, 2010, 2011, 2014, 2017 und 2025 \u2013 das sind die Jahre, in denen Ostern die Ost- und Westkirche am selben Sonntag feiern. Bestrebungen einen gemeinsamen Ostertermin aller Christen festzulegen, sind bis jetzt gescheitert. [&hellip;]<\/p>\n","protected":false},"author":2,"featured_media":0,"comment_status":"open","ping_status":"open","sticky":false,"template":"","format":"standard","meta":{"ngg_post_thumbnail":0,"footnotes":""},"categories":[7],"tags":[],"class_list":{"0":"post-5158","1":"post","2":"type-post","3":"status-publish","4":"format-standard","6":"category-archiv"},"publishpress_future_action":{"enabled":false,"date":"2026-05-03 07:58:22","action":"category","newStatus":"draft","terms":[],"taxonomy":"category","extraData":[]},"publishpress_future_workflow_manual_trigger":{"enabledWorkflows":[]},"_links":{"self":[{"href":"https:\/\/www.pfarregersthof.at\/komm\/wp-json\/wp\/v2\/posts\/5158","targetHints":{"allow":["GET"]}}],"collection":[{"href":"https:\/\/www.pfarregersthof.at\/komm\/wp-json\/wp\/v2\/posts"}],"about":[{"href":"https:\/\/www.pfarregersthof.at\/komm\/wp-json\/wp\/v2\/types\/post"}],"author":[{"embeddable":true,"href":"https:\/\/www.pfarregersthof.at\/komm\/wp-json\/wp\/v2\/users\/2"}],"replies":[{"embeddable":true,"href":"https:\/\/www.pfarregersthof.at\/komm\/wp-json\/wp\/v2\/comments?post=5158"}],"version-history":[{"count":1,"href":"https:\/\/www.pfarregersthof.at\/komm\/wp-json\/wp\/v2\/posts\/5158\/revisions"}],"predecessor-version":[{"id":5159,"href":"https:\/\/www.pfarregersthof.at\/komm\/wp-json\/wp\/v2\/posts\/5158\/revisions\/5159"}],"wp:attachment":[{"href":"https:\/\/www.pfarregersthof.at\/komm\/wp-json\/wp\/v2\/media?parent=5158"}],"wp:term":[{"taxonomy":"category","embeddable":true,"href":"https:\/\/www.pfarregersthof.at\/komm\/wp-json\/wp\/v2\/categories?post=5158"},{"taxonomy":"post_tag","embeddable":true,"href":"https:\/\/www.pfarregersthof.at\/komm\/wp-json\/wp\/v2\/tags?post=5158"}],"curies":[{"name":"wp","href":"https:\/\/api.w.org\/{rel}","templated":true}]}}