{"id":5180,"date":"2018-04-02T18:31:13","date_gmt":"2018-04-02T17:31:13","guid":{"rendered":"http:\/\/www.pfarregersthof.at\/komm\/?p=5180"},"modified":"2018-04-16T10:51:05","modified_gmt":"2018-04-16T09:51:05","slug":"weisser-taufe-sonntag-8-4","status":"publish","type":"post","link":"https:\/\/www.pfarregersthof.at\/komm\/2018\/04\/weisser-taufe-sonntag-8-4\/","title":{"rendered":"Wei\u00dfer Taufe-Sonntag (8.4.)"},"content":{"rendered":"<p>Der Wei\u00dfe Sonntag, 8. April, hat seit vielen Jahren in unserer Gemeinde Tradition \u2013 Auch heuer wird es wieder so sein!<\/p>\n<p>Einladung an Neugetaufte und ihre Familien in den 10 Uhr Gemeindegottesdienst. Wir freuen uns auf das gemeinsame Feiern!<\/p>\n<p><em><span style=\"color: #3366ff;\">Gerda Winner<\/span> &amp; das Team der Taufgespr\u00e4chsleiterinnen<\/em><\/p>\n<p>P.S. Ein gro\u00dfes Dankesch\u00f6n an Frau Theres Schriefl f\u00fcr das N\u00e4hen der Taufkleider und Frau Mag. Ilse M\u00fchlbacher f\u00fcr die k\u00fcnstlerische Gestaltung unserer Klei der.<\/p>\n","protected":false},"excerpt":{"rendered":"<p>Der Wei\u00dfe Sonntag, 8. April, hat seit vielen Jahren in unserer Gemeinde Tradition \u2013 Auch heuer wird es wieder so sein! Einladung an Neugetaufte und ihre Familien in den 10 Uhr Gemeindegottesdienst. Wir freuen uns auf das gemeinsame Feiern! Gerda Winner &amp; das Team der Taufgespr\u00e4chsleiterinnen P.S. Ein gro\u00dfes Dankesch\u00f6n an Frau Theres Schriefl f\u00fcr [&hellip;]<\/p>\n","protected":false},"author":2,"featured_media":0,"comment_status":"open","ping_status":"open","sticky":false,"template":"","format":"standard","meta":{"ngg_post_thumbnail":0,"footnotes":""},"categories":[7],"tags":[],"class_list":{"0":"post-5180","1":"post","2":"type-post","3":"status-publish","4":"format-standard","6":"category-archiv"},"publishpress_future_action":{"enabled":false,"date":"2026-05-08 10:47:11","action":"category","newStatus":"draft","terms":[],"taxonomy":"category","extraData":[]},"publishpress_future_workflow_manual_trigger":{"enabledWorkflows":[]},"_links":{"self":[{"href":"https:\/\/www.pfarregersthof.at\/komm\/wp-json\/wp\/v2\/posts\/5180","targetHints":{"allow":["GET"]}}],"collection":[{"href":"https:\/\/www.pfarregersthof.at\/komm\/wp-json\/wp\/v2\/posts"}],"about":[{"href":"https:\/\/www.pfarregersthof.at\/komm\/wp-json\/wp\/v2\/types\/post"}],"author":[{"embeddable":true,"href":"https:\/\/www.pfarregersthof.at\/komm\/wp-json\/wp\/v2\/users\/2"}],"replies":[{"embeddable":true,"href":"https:\/\/www.pfarregersthof.at\/komm\/wp-json\/wp\/v2\/comments?post=5180"}],"version-history":[{"count":1,"href":"https:\/\/www.pfarregersthof.at\/komm\/wp-json\/wp\/v2\/posts\/5180\/revisions"}],"predecessor-version":[{"id":5181,"href":"https:\/\/www.pfarregersthof.at\/komm\/wp-json\/wp\/v2\/posts\/5180\/revisions\/5181"}],"wp:attachment":[{"href":"https:\/\/www.pfarregersthof.at\/komm\/wp-json\/wp\/v2\/media?parent=5180"}],"wp:term":[{"taxonomy":"category","embeddable":true,"href":"https:\/\/www.pfarregersthof.at\/komm\/wp-json\/wp\/v2\/categories?post=5180"},{"taxonomy":"post_tag","embeddable":true,"href":"https:\/\/www.pfarregersthof.at\/komm\/wp-json\/wp\/v2\/tags?post=5180"}],"curies":[{"name":"wp","href":"https:\/\/api.w.org\/{rel}","templated":true}]}}