{"id":5186,"date":"2018-04-16T10:54:32","date_gmt":"2018-04-16T09:54:32","guid":{"rendered":"http:\/\/www.pfarregersthof.at\/komm\/?p=5186"},"modified":"2018-05-13T16:46:15","modified_gmt":"2018-05-13T15:46:15","slug":"1938-schicksalsjahr-oesterreichs-24-4","status":"publish","type":"post","link":"https:\/\/www.pfarregersthof.at\/komm\/2018\/04\/1938-schicksalsjahr-oesterreichs-24-4\/","title":{"rendered":"\u201e1938 \u2013 Schicksalsjahr \u00d6sterreichs\u201c (24.4.)"},"content":{"rendered":"<p>Einladung zum Vortrag von Universit\u00e4tsprofessor Dr. Gerhard Botz am Dienstag, dem 24. April 2018, 19.00.<\/p>\n<p>Erfreulicher Weise ist es gelungen, den emeritierten Professor f\u00fcr Zeitgeschichte an der Universit\u00e4t Wien Dr. Gerhard Botz f\u00fcr einen Vortrag zum Thema \u201e1938 \u2013 Schicksalsjahr \u00d6sterreichs\u201c mit dem Untertitel \u201eMeinungsumschwung zwischen der geplanten Volksbefragung und der durchgef\u00fchrten Volksabstimmung\u201c zu gewinnen. Univ.-Prof. Dr. Botz ist der durch zahlreiche Publikationen ausgewiesene Kenner der Zeit des Nationalsozialismus in \u00d6sterreich. Sein in aktualisierter Auflage 2018 erschienenes Buch \u201eNationalsozialismus in Wien, Macht\u00fcbernahme, Herrschaftssicherung, Radikalisierung 1938\/39\u201c gilt als das Standardwerk.<\/p>\n<p>Am 15. M\u00e4rz 2018 hat Univ.-Prof. Dr. Botz in der von Armin Wolf gestalteten Sendung \u201eZIB 2 \u2013 History\u201c am Balkon der Neuen Hofburg die Geschehnisse am Heldenplatz vor 80 Jahren in beeindruckender Weise kommentiert.<\/p>\n<p>Herzliche Einladung an Alle!<br \/>\n<span style=\"color: #3366ff;\"><em>Wolfgang Fellner<\/em><\/span><\/p>\n","protected":false},"excerpt":{"rendered":"<p>Einladung zum Vortrag von Universit\u00e4tsprofessor Dr. Gerhard Botz am Dienstag, dem 24. April 2018, 19.00. Erfreulicher Weise ist es gelungen, den emeritierten Professor f\u00fcr Zeitgeschichte an der Universit\u00e4t Wien Dr. Gerhard Botz f\u00fcr einen Vortrag zum Thema \u201e1938 \u2013 Schicksalsjahr \u00d6sterreichs\u201c mit dem Untertitel \u201eMeinungsumschwung zwischen der geplanten Volksbefragung und der durchgef\u00fchrten Volksabstimmung\u201c zu gewinnen. [&hellip;]<\/p>\n","protected":false},"author":2,"featured_media":0,"comment_status":"open","ping_status":"open","sticky":false,"template":"","format":"standard","meta":{"ngg_post_thumbnail":0,"footnotes":""},"categories":[7],"tags":[],"class_list":{"0":"post-5186","1":"post","2":"type-post","3":"status-publish","4":"format-standard","6":"category-archiv"},"publishpress_future_action":{"enabled":false,"date":"2026-05-04 10:52:56","action":"category","newStatus":"draft","terms":[],"taxonomy":"category","extraData":[]},"publishpress_future_workflow_manual_trigger":{"enabledWorkflows":[]},"_links":{"self":[{"href":"https:\/\/www.pfarregersthof.at\/komm\/wp-json\/wp\/v2\/posts\/5186","targetHints":{"allow":["GET"]}}],"collection":[{"href":"https:\/\/www.pfarregersthof.at\/komm\/wp-json\/wp\/v2\/posts"}],"about":[{"href":"https:\/\/www.pfarregersthof.at\/komm\/wp-json\/wp\/v2\/types\/post"}],"author":[{"embeddable":true,"href":"https:\/\/www.pfarregersthof.at\/komm\/wp-json\/wp\/v2\/users\/2"}],"replies":[{"embeddable":true,"href":"https:\/\/www.pfarregersthof.at\/komm\/wp-json\/wp\/v2\/comments?post=5186"}],"version-history":[{"count":1,"href":"https:\/\/www.pfarregersthof.at\/komm\/wp-json\/wp\/v2\/posts\/5186\/revisions"}],"predecessor-version":[{"id":5187,"href":"https:\/\/www.pfarregersthof.at\/komm\/wp-json\/wp\/v2\/posts\/5186\/revisions\/5187"}],"wp:attachment":[{"href":"https:\/\/www.pfarregersthof.at\/komm\/wp-json\/wp\/v2\/media?parent=5186"}],"wp:term":[{"taxonomy":"category","embeddable":true,"href":"https:\/\/www.pfarregersthof.at\/komm\/wp-json\/wp\/v2\/categories?post=5186"},{"taxonomy":"post_tag","embeddable":true,"href":"https:\/\/www.pfarregersthof.at\/komm\/wp-json\/wp\/v2\/tags?post=5186"}],"curies":[{"name":"wp","href":"https:\/\/api.w.org\/{rel}","templated":true}]}}