{"id":5190,"date":"2018-04-20T17:05:42","date_gmt":"2018-04-20T16:05:42","guid":{"rendered":"http:\/\/www.pfarregersthof.at\/komm\/?p=5190"},"modified":"2018-06-16T18:24:04","modified_gmt":"2018-06-16T17:24:04","slug":"david-steindl-rast-in-gersthof-7-6","status":"publish","type":"post","link":"https:\/\/www.pfarregersthof.at\/komm\/2018\/04\/david-steindl-rast-in-gersthof-7-6\/","title":{"rendered":"David Steindl-Rast in Gersthof (7.6.)"},"content":{"rendered":"<p>Aus Argentinien, wo Bruder David schon einige Zeit weilt erreicht uns die freudige Nachricht, dass er am <strong>Donnerstag, 7. Juni, um 19 Uhr <\/strong>zu uns nach Gersthof in die Pfarrkirche kommen wird.<\/p>\n<p>Eine Begegnung mit dem gro\u00dfen, weisen doch schon fast 92-j\u00e4hrigen M\u00f6nch wird in Erinnerung bleiben und unser Inneres st\u00e4rken!<br \/>\n<span style=\"color: #3366ff;\"><em>Pfr. Norbert<\/em><\/span><\/p>\n","protected":false},"excerpt":{"rendered":"<p>Aus Argentinien, wo Bruder David schon einige Zeit weilt erreicht uns die freudige Nachricht, dass er am Donnerstag, 7. Juni, um 19 Uhr zu uns nach Gersthof in die Pfarrkirche kommen wird. Eine Begegnung mit dem gro\u00dfen, weisen doch schon fast 92-j\u00e4hrigen M\u00f6nch wird in Erinnerung bleiben und unser Inneres st\u00e4rken! Pfr. Norbert<\/p>\n","protected":false},"author":2,"featured_media":0,"comment_status":"open","ping_status":"open","sticky":false,"template":"","format":"standard","meta":{"ngg_post_thumbnail":0,"footnotes":""},"categories":[7],"tags":[],"class_list":{"0":"post-5190","1":"post","2":"type-post","3":"status-publish","4":"format-standard","6":"category-archiv"},"publishpress_future_action":{"enabled":false,"date":"2026-05-02 10:40:43","action":"category","newStatus":"draft","terms":[],"taxonomy":"category","extraData":[]},"publishpress_future_workflow_manual_trigger":{"enabledWorkflows":[]},"_links":{"self":[{"href":"https:\/\/www.pfarregersthof.at\/komm\/wp-json\/wp\/v2\/posts\/5190","targetHints":{"allow":["GET"]}}],"collection":[{"href":"https:\/\/www.pfarregersthof.at\/komm\/wp-json\/wp\/v2\/posts"}],"about":[{"href":"https:\/\/www.pfarregersthof.at\/komm\/wp-json\/wp\/v2\/types\/post"}],"author":[{"embeddable":true,"href":"https:\/\/www.pfarregersthof.at\/komm\/wp-json\/wp\/v2\/users\/2"}],"replies":[{"embeddable":true,"href":"https:\/\/www.pfarregersthof.at\/komm\/wp-json\/wp\/v2\/comments?post=5190"}],"version-history":[{"count":2,"href":"https:\/\/www.pfarregersthof.at\/komm\/wp-json\/wp\/v2\/posts\/5190\/revisions"}],"predecessor-version":[{"id":5245,"href":"https:\/\/www.pfarregersthof.at\/komm\/wp-json\/wp\/v2\/posts\/5190\/revisions\/5245"}],"wp:attachment":[{"href":"https:\/\/www.pfarregersthof.at\/komm\/wp-json\/wp\/v2\/media?parent=5190"}],"wp:term":[{"taxonomy":"category","embeddable":true,"href":"https:\/\/www.pfarregersthof.at\/komm\/wp-json\/wp\/v2\/categories?post=5190"},{"taxonomy":"post_tag","embeddable":true,"href":"https:\/\/www.pfarregersthof.at\/komm\/wp-json\/wp\/v2\/tags?post=5190"}],"curies":[{"name":"wp","href":"https:\/\/api.w.org\/{rel}","templated":true}]}}