{"id":5217,"date":"2018-05-13T16:43:59","date_gmt":"2018-05-13T15:43:59","guid":{"rendered":"http:\/\/www.pfarregersthof.at\/komm\/?p=5217"},"modified":"2018-05-26T06:30:50","modified_gmt":"2018-05-26T05:30:50","slug":"oekumenische-pfingsttagung-17-5","status":"publish","type":"post","link":"https:\/\/www.pfarregersthof.at\/komm\/2018\/05\/oekumenische-pfingsttagung-17-5\/","title":{"rendered":"\u00d6kumenische Pfingsttagung (17.5.)"},"content":{"rendered":"<p><a href=\"https:\/\/www.pfarregersthof.at\/komm\/wp-content\/uploads\/2018\/05\/Ikone-Pfingsstagung2018a.jpg\"><img loading=\"lazy\" decoding=\"async\" class=\"alignleft size-thumbnail wp-image-5219\" src=\"https:\/\/www.pfarregersthof.at\/komm\/wp-content\/uploads\/2018\/05\/Ikone-Pfingsstagung2018a-111x150.jpg\" alt=\"\" width=\"111\" height=\"150\" srcset=\"https:\/\/www.pfarregersthof.at\/komm\/wp-content\/uploads\/2018\/05\/Ikone-Pfingsstagung2018a-111x150.jpg 111w, https:\/\/www.pfarregersthof.at\/komm\/wp-content\/uploads\/2018\/05\/Ikone-Pfingsstagung2018a-223x300.jpg 223w, https:\/\/www.pfarregersthof.at\/komm\/wp-content\/uploads\/2018\/05\/Ikone-Pfingsstagung2018a.jpg 234w\" sizes=\"auto, (max-width: 111px) 100vw, 111px\" \/><\/a>Herzliche Einladung zur Tagung<\/p>\n<h1>\u00d6kumene und Orthodoxie<\/h1>\n<p>am Donnerstag, 17.5., 19:00 im &#8222;D\u00f6blinger Rathaus&#8220;, 1190, Gatterburggasse 14<\/p>\n<p>Die Referenten sind:<\/p>\n<ul>\n<li>Univ.Prof. Dr. Rudolf Prokschi (Universit\u00e4t Wien)<\/li>\n<li>Ruslan Kucenko (Cand.theol., Universit\u00e4t M\u00fcnchen)<\/li>\n<\/ul>\n<p>Im Anschluss Einladung zu einem Sekt-Empfang.<\/p>\n<p>Wir freuen uns auf Ihr Kommen,<br \/>\ndas Team der \u00f6kumenischen Vernetzung in West-Wien.<\/p>\n","protected":false},"excerpt":{"rendered":"<p>Herzliche Einladung zur Tagung \u00d6kumene und Orthodoxie am Donnerstag, 17.5., 19:00 im &#8222;D\u00f6blinger Rathaus&#8220;, 1190, Gatterburggasse 14 Die Referenten sind: Univ.Prof. Dr. Rudolf Prokschi (Universit\u00e4t Wien) Ruslan Kucenko (Cand.theol., Universit\u00e4t M\u00fcnchen) Im Anschluss Einladung zu einem Sekt-Empfang. Wir freuen uns auf Ihr Kommen, das Team der \u00f6kumenischen Vernetzung in West-Wien.<\/p>\n","protected":false},"author":2,"featured_media":0,"comment_status":"open","ping_status":"open","sticky":false,"template":"","format":"standard","meta":{"ngg_post_thumbnail":0,"footnotes":""},"categories":[7],"tags":[],"class_list":{"0":"post-5217","1":"post","2":"type-post","3":"status-publish","4":"format-standard","6":"category-archiv"},"publishpress_future_action":{"enabled":false,"date":"2026-05-02 10:42:19","action":"category","newStatus":"draft","terms":[],"taxonomy":"category","extraData":[]},"publishpress_future_workflow_manual_trigger":{"enabledWorkflows":[]},"_links":{"self":[{"href":"https:\/\/www.pfarregersthof.at\/komm\/wp-json\/wp\/v2\/posts\/5217","targetHints":{"allow":["GET"]}}],"collection":[{"href":"https:\/\/www.pfarregersthof.at\/komm\/wp-json\/wp\/v2\/posts"}],"about":[{"href":"https:\/\/www.pfarregersthof.at\/komm\/wp-json\/wp\/v2\/types\/post"}],"author":[{"embeddable":true,"href":"https:\/\/www.pfarregersthof.at\/komm\/wp-json\/wp\/v2\/users\/2"}],"replies":[{"embeddable":true,"href":"https:\/\/www.pfarregersthof.at\/komm\/wp-json\/wp\/v2\/comments?post=5217"}],"version-history":[{"count":2,"href":"https:\/\/www.pfarregersthof.at\/komm\/wp-json\/wp\/v2\/posts\/5217\/revisions"}],"predecessor-version":[{"id":5220,"href":"https:\/\/www.pfarregersthof.at\/komm\/wp-json\/wp\/v2\/posts\/5217\/revisions\/5220"}],"wp:attachment":[{"href":"https:\/\/www.pfarregersthof.at\/komm\/wp-json\/wp\/v2\/media?parent=5217"}],"wp:term":[{"taxonomy":"category","embeddable":true,"href":"https:\/\/www.pfarregersthof.at\/komm\/wp-json\/wp\/v2\/categories?post=5217"},{"taxonomy":"post_tag","embeddable":true,"href":"https:\/\/www.pfarregersthof.at\/komm\/wp-json\/wp\/v2\/tags?post=5217"}],"curies":[{"name":"wp","href":"https:\/\/api.w.org\/{rel}","templated":true}]}}