{"id":5221,"date":"2018-05-13T16:53:39","date_gmt":"2018-05-13T15:53:39","guid":{"rendered":"http:\/\/www.pfarregersthof.at\/komm\/?p=5221"},"modified":"2018-05-13T16:53:39","modified_gmt":"2018-05-13T15:53:39","slug":"die-kommunionfeste-sind-gefeiert","status":"publish","type":"post","link":"https:\/\/www.pfarregersthof.at\/komm\/2018\/05\/die-kommunionfeste-sind-gefeiert\/","title":{"rendered":"Die Kommunionfeste sind gefeiert &#8230;"},"content":{"rendered":"<p>&#8230; und ich m\u00f6chte allen herzlich Danke sagen, die f\u00fcr die Vorbereitung und Feier der beiden Feste mitgewirkt haben! Mein gro\u00dfes Danke gilt allen 62 Kindern f\u00fcr die feine Zeit der Vorbereitung, den Eltern f\u00fcr das gute Miteinander, den Gruppenleitern und Gruppenleiterinnen f\u00fcr die interessanten Gespr\u00e4che und f\u00fcr die gute Begleitung der Kinder bei den Projektvormittagen.<\/p>\n<p>Mein besonderer Dank gilt aber unserem Kommunionteam \u2013 Dorli, Gitti, Christina und Lore und den beiden MinistrantInnen Isabella und Ignaz! Die Vorbereitungszeit war intensiv, spannend und vor allem getragen von Freude und Interesse.<\/p>\n<p>Am vergangenen Wochenende konnten wir dann zwei feine, hoffentlich tief erlebte Feste feiern. Einige Eltern, Geschwister und FreundInnen haben sich ja bei der Feier ganz besonders durch die musikalische Gestaltung eingebracht. Am Samstag haben die Kinder der Hans Radl-Schule mit uns gefeiert \u2013bereichernd und ber\u00fchrend!<br \/>\n<span style=\"color: #3366ff;\"><em>Gerda Winner<\/em><\/span><\/p>\n<p>PS Zum Abschlussfest sind alle Kinder am Dienstag, 29. Mai um 16.00 herzlich eingeladen! Davor oder danach erhalten die Eltern die Taufscheine und die FotoCD.<\/p>\n","protected":false},"excerpt":{"rendered":"<p>&#8230; und ich m\u00f6chte allen herzlich Danke sagen, die f\u00fcr die Vorbereitung und Feier der beiden Feste mitgewirkt haben! Mein gro\u00dfes Danke gilt allen 62 Kindern f\u00fcr die feine Zeit der Vorbereitung, den Eltern f\u00fcr das gute Miteinander, den Gruppenleitern und Gruppenleiterinnen f\u00fcr die interessanten Gespr\u00e4che und f\u00fcr die gute Begleitung der Kinder bei den [&hellip;]<\/p>\n","protected":false},"author":2,"featured_media":0,"comment_status":"open","ping_status":"open","sticky":false,"template":"","format":"standard","meta":{"ngg_post_thumbnail":0,"footnotes":""},"categories":[5],"tags":[],"class_list":{"0":"post-5221","1":"post","2":"type-post","3":"status-publish","4":"format-standard","6":"category-was-gewesen-ist"},"publishpress_future_action":{"enabled":false,"date":"2026-05-02 10:41:47","action":"category","newStatus":"draft","terms":[],"taxonomy":"category","extraData":[]},"publishpress_future_workflow_manual_trigger":{"enabledWorkflows":[]},"_links":{"self":[{"href":"https:\/\/www.pfarregersthof.at\/komm\/wp-json\/wp\/v2\/posts\/5221","targetHints":{"allow":["GET"]}}],"collection":[{"href":"https:\/\/www.pfarregersthof.at\/komm\/wp-json\/wp\/v2\/posts"}],"about":[{"href":"https:\/\/www.pfarregersthof.at\/komm\/wp-json\/wp\/v2\/types\/post"}],"author":[{"embeddable":true,"href":"https:\/\/www.pfarregersthof.at\/komm\/wp-json\/wp\/v2\/users\/2"}],"replies":[{"embeddable":true,"href":"https:\/\/www.pfarregersthof.at\/komm\/wp-json\/wp\/v2\/comments?post=5221"}],"version-history":[{"count":1,"href":"https:\/\/www.pfarregersthof.at\/komm\/wp-json\/wp\/v2\/posts\/5221\/revisions"}],"predecessor-version":[{"id":5222,"href":"https:\/\/www.pfarregersthof.at\/komm\/wp-json\/wp\/v2\/posts\/5221\/revisions\/5222"}],"wp:attachment":[{"href":"https:\/\/www.pfarregersthof.at\/komm\/wp-json\/wp\/v2\/media?parent=5221"}],"wp:term":[{"taxonomy":"category","embeddable":true,"href":"https:\/\/www.pfarregersthof.at\/komm\/wp-json\/wp\/v2\/categories?post=5221"},{"taxonomy":"post_tag","embeddable":true,"href":"https:\/\/www.pfarregersthof.at\/komm\/wp-json\/wp\/v2\/tags?post=5221"}],"curies":[{"name":"wp","href":"https:\/\/api.w.org\/{rel}","templated":true}]}}