{"id":5252,"date":"2018-06-16T18:21:06","date_gmt":"2018-06-16T17:21:06","guid":{"rendered":"http:\/\/www.pfarregersthof.at\/komm\/?p=5252"},"modified":"2018-06-23T16:54:45","modified_gmt":"2018-06-23T15:54:45","slug":"60plus-letzter-nachmittag-vor-sommer","status":"publish","type":"post","link":"https:\/\/www.pfarregersthof.at\/komm\/2018\/06\/60plus-letzter-nachmittag-vor-sommer\/","title":{"rendered":"60plus &#8211; letzter Nachmittag vor Sommer"},"content":{"rendered":"<p>Liebe Freunde von 60plus: auch heuer wollen wir einen gem\u00fctlichen Nachmittag noch einmal gemeinsam vor dem Sommer am Donnerstag, 21 . Juni 2018, verbringen.<\/p>\n<p>Treffpunkt: ab 16:00 Uhr beim Heurigen- Herrgott aus Sta- 1160, Speckbacherg.14 (Station 10A)<\/p>\n<p>Bitte um rechtzeitige Anmeldung im <a href=\"\/komm\/pfarre-von-a-z\/information\/kontakt-aufnehmen\/#pfarrsek\">Pfarrsekretariat<\/a>, damit wir gen\u00fcgend Pl\u00e4tze reservieren k\u00f6nnen!!!<\/p>\n<p>Auf einen gem\u00fctlichen gemeinsamen Nachmittag freut sich<br \/>\n<span style=\"color: #3366ff;\"><em>das Caritasteam<\/em><\/span><\/p>\n","protected":false},"excerpt":{"rendered":"<p>Liebe Freunde von 60plus: auch heuer wollen wir einen gem\u00fctlichen Nachmittag noch einmal gemeinsam vor dem Sommer am Donnerstag, 21 . Juni 2018, verbringen. Treffpunkt: ab 16:00 Uhr beim Heurigen- Herrgott aus Sta- 1160, Speckbacherg.14 (Station 10A) Bitte um rechtzeitige Anmeldung im Pfarrsekretariat, damit wir gen\u00fcgend Pl\u00e4tze reservieren k\u00f6nnen!!! Auf einen gem\u00fctlichen gemeinsamen Nachmittag freut [&hellip;]<\/p>\n","protected":false},"author":2,"featured_media":0,"comment_status":"open","ping_status":"open","sticky":false,"template":"","format":"standard","meta":{"ngg_post_thumbnail":0,"footnotes":""},"categories":[7],"tags":[],"class_list":{"0":"post-5252","1":"post","2":"type-post","3":"status-publish","4":"format-standard","6":"category-archiv"},"publishpress_future_action":{"enabled":false,"date":"2026-05-04 10:58:01","action":"category","newStatus":"draft","terms":[],"taxonomy":"category","extraData":[]},"publishpress_future_workflow_manual_trigger":{"enabledWorkflows":[]},"_links":{"self":[{"href":"https:\/\/www.pfarregersthof.at\/komm\/wp-json\/wp\/v2\/posts\/5252","targetHints":{"allow":["GET"]}}],"collection":[{"href":"https:\/\/www.pfarregersthof.at\/komm\/wp-json\/wp\/v2\/posts"}],"about":[{"href":"https:\/\/www.pfarregersthof.at\/komm\/wp-json\/wp\/v2\/types\/post"}],"author":[{"embeddable":true,"href":"https:\/\/www.pfarregersthof.at\/komm\/wp-json\/wp\/v2\/users\/2"}],"replies":[{"embeddable":true,"href":"https:\/\/www.pfarregersthof.at\/komm\/wp-json\/wp\/v2\/comments?post=5252"}],"version-history":[{"count":1,"href":"https:\/\/www.pfarregersthof.at\/komm\/wp-json\/wp\/v2\/posts\/5252\/revisions"}],"predecessor-version":[{"id":5253,"href":"https:\/\/www.pfarregersthof.at\/komm\/wp-json\/wp\/v2\/posts\/5252\/revisions\/5253"}],"wp:attachment":[{"href":"https:\/\/www.pfarregersthof.at\/komm\/wp-json\/wp\/v2\/media?parent=5252"}],"wp:term":[{"taxonomy":"category","embeddable":true,"href":"https:\/\/www.pfarregersthof.at\/komm\/wp-json\/wp\/v2\/categories?post=5252"},{"taxonomy":"post_tag","embeddable":true,"href":"https:\/\/www.pfarregersthof.at\/komm\/wp-json\/wp\/v2\/tags?post=5252"}],"curies":[{"name":"wp","href":"https:\/\/api.w.org\/{rel}","templated":true}]}}