{"id":5283,"date":"2018-08-26T09:37:15","date_gmt":"2018-08-26T08:37:15","guid":{"rendered":"http:\/\/www.pfarregersthof.at\/komm\/?p=5283"},"modified":"2018-10-07T15:13:03","modified_gmt":"2018-10-07T14:13:03","slug":"firmvorbereitung-2018-19-27-9","status":"publish","type":"post","link":"https:\/\/www.pfarregersthof.at\/komm\/2018\/08\/firmvorbereitung-2018-19-27-9\/","title":{"rendered":"Firmvorbereitung 2018\/19 ( 27.9.)"},"content":{"rendered":"<p>Das Team der Firmvorbereitung hat nach R\u00fcckblick und Abschluss der heurigen Vorbereitung mit den Planungen f\u00fcr die Firmvorbereitung 2018\/19 begonnen.<\/p>\n<p>Schon heute bitten wir Jugendliche, die bei der Firmvorbereitung mitmachen m\u00f6chten, gemeinsam mit ihren Eltern zum <strong>Informationsabend<\/strong> zu kommen.<br \/>\nTermine zur Auswahl: <strong>Donnerstag, 27. September,<\/strong> oder <strong>Montag, 1. Oktober, um 19.00 Uhr<\/strong> im Gemeindezentrum (Bastiengasse 18).<\/p>\n<p>An diesem Abend stellen wir das Konzept vor, die Jahresplanung wird erl\u00e4utert und es gibt bereits die M\u00f6glichkeit zur Anmeldung. Wer aus wichtigen Gr\u00fcnden nicht kommen kann, m\u00f6ge sich bis Anfang Oktober im Pfarrsekretariat melden.<\/p>\n<p>Mehr konkrete Informationen zur Firmvorbereitung <a href=\"\/komm\/pfarre-von-a-z\/angebote\/firmung\/firmung-konkret\/\">gibt es hier<\/a>.<\/p>\n<p>Ansprechpersonen im Firmteam sind: Nora Kruse, Elisabeth &amp; Michael Kromer, Michaela L\u00e4nger, Claudia Kasper, Bernhard Votava, Norbert Kaiser, Gerda Winner und Pfr. Norbert.<\/p>\n","protected":false},"excerpt":{"rendered":"<p>Das Team der Firmvorbereitung hat nach R\u00fcckblick und Abschluss der heurigen Vorbereitung mit den Planungen f\u00fcr die Firmvorbereitung 2018\/19 begonnen. Schon heute bitten wir Jugendliche, die bei der Firmvorbereitung mitmachen m\u00f6chten, gemeinsam mit ihren Eltern zum Informationsabend zu kommen. Termine zur Auswahl: Donnerstag, 27. September, oder Montag, 1. Oktober, um 19.00 Uhr im Gemeindezentrum (Bastiengasse [&hellip;]<\/p>\n","protected":false},"author":2,"featured_media":0,"comment_status":"open","ping_status":"open","sticky":false,"template":"","format":"standard","meta":{"ngg_post_thumbnail":0,"footnotes":""},"categories":[7],"tags":[],"class_list":{"0":"post-5283","1":"post","2":"type-post","3":"status-publish","4":"format-standard","6":"category-archiv"},"publishpress_future_action":{"enabled":false,"date":"2026-05-03 06:39:21","action":"category","newStatus":"draft","terms":[],"taxonomy":"category","extraData":[]},"publishpress_future_workflow_manual_trigger":{"enabledWorkflows":[]},"_links":{"self":[{"href":"https:\/\/www.pfarregersthof.at\/komm\/wp-json\/wp\/v2\/posts\/5283","targetHints":{"allow":["GET"]}}],"collection":[{"href":"https:\/\/www.pfarregersthof.at\/komm\/wp-json\/wp\/v2\/posts"}],"about":[{"href":"https:\/\/www.pfarregersthof.at\/komm\/wp-json\/wp\/v2\/types\/post"}],"author":[{"embeddable":true,"href":"https:\/\/www.pfarregersthof.at\/komm\/wp-json\/wp\/v2\/users\/2"}],"replies":[{"embeddable":true,"href":"https:\/\/www.pfarregersthof.at\/komm\/wp-json\/wp\/v2\/comments?post=5283"}],"version-history":[{"count":1,"href":"https:\/\/www.pfarregersthof.at\/komm\/wp-json\/wp\/v2\/posts\/5283\/revisions"}],"predecessor-version":[{"id":5284,"href":"https:\/\/www.pfarregersthof.at\/komm\/wp-json\/wp\/v2\/posts\/5283\/revisions\/5284"}],"wp:attachment":[{"href":"https:\/\/www.pfarregersthof.at\/komm\/wp-json\/wp\/v2\/media?parent=5283"}],"wp:term":[{"taxonomy":"category","embeddable":true,"href":"https:\/\/www.pfarregersthof.at\/komm\/wp-json\/wp\/v2\/categories?post=5283"},{"taxonomy":"post_tag","embeddable":true,"href":"https:\/\/www.pfarregersthof.at\/komm\/wp-json\/wp\/v2\/tags?post=5283"}],"curies":[{"name":"wp","href":"https:\/\/api.w.org\/{rel}","templated":true}]}}