{"id":5287,"date":"2018-08-26T09:47:10","date_gmt":"2018-08-26T08:47:10","guid":{"rendered":"http:\/\/www.pfarregersthof.at\/komm\/?p=5287"},"modified":"2018-09-16T16:48:49","modified_gmt":"2018-09-16T15:48:49","slug":"angebote-volksschulkinder-16-9","status":"publish","type":"post","link":"https:\/\/www.pfarregersthof.at\/komm\/2018\/08\/angebote-volksschulkinder-16-9\/","title":{"rendered":"Angebote Volksschulkinder (16.9.)"},"content":{"rendered":"<p>Wir laden herzlich Kinder im Volksschulalter am <strong>Sonntag, 16. September, um 10.00 Uhr<\/strong> in die Pfarrkirche ein.<\/p>\n<p>Da gibt es das Schultaschenfest f\u00fcr alle die im Herbst Schulanf\u00e4ngerInnen sind und ein Startfest f\u00fcr Kinder der 3.\/4. Klasse Volksschule.<\/p>\n<p>Das gemeinsame Feiern, ein kr\u00e4ftiger Segen und ein buntes Programm nach dem Gottesdienst erwarten die Kinder, die mit der Schule beginnen.<br \/>\nNach dem gemeinsamen Gottesdienst starten die Jungschar &amp; MinistrantInnen bei Spiel, Schmauserei und Bastelaktivit\u00e4ten. Wir freuen uns auf Kinder der 3. und 4. Volksschulklassen.<\/p>\n<p><span style=\"color: #3366ff;\"><em>Gerda Winner<\/em><\/span><\/p>\n","protected":false},"excerpt":{"rendered":"<p>Wir laden herzlich Kinder im Volksschulalter am Sonntag, 16. September, um 10.00 Uhr in die Pfarrkirche ein. Da gibt es das Schultaschenfest f\u00fcr alle die im Herbst Schulanf\u00e4ngerInnen sind und ein Startfest f\u00fcr Kinder der 3.\/4. Klasse Volksschule. Das gemeinsame Feiern, ein kr\u00e4ftiger Segen und ein buntes Programm nach dem Gottesdienst erwarten die Kinder, die [&hellip;]<\/p>\n","protected":false},"author":2,"featured_media":0,"comment_status":"open","ping_status":"open","sticky":false,"template":"","format":"standard","meta":{"ngg_post_thumbnail":0,"footnotes":""},"categories":[7],"tags":[],"class_list":{"0":"post-5287","1":"post","2":"type-post","3":"status-publish","4":"format-standard","6":"category-archiv"},"publishpress_future_action":{"enabled":false,"date":"2026-05-03 11:50:07","action":"category","newStatus":"draft","terms":[],"taxonomy":"category","extraData":[]},"publishpress_future_workflow_manual_trigger":{"enabledWorkflows":[]},"_links":{"self":[{"href":"https:\/\/www.pfarregersthof.at\/komm\/wp-json\/wp\/v2\/posts\/5287","targetHints":{"allow":["GET"]}}],"collection":[{"href":"https:\/\/www.pfarregersthof.at\/komm\/wp-json\/wp\/v2\/posts"}],"about":[{"href":"https:\/\/www.pfarregersthof.at\/komm\/wp-json\/wp\/v2\/types\/post"}],"author":[{"embeddable":true,"href":"https:\/\/www.pfarregersthof.at\/komm\/wp-json\/wp\/v2\/users\/2"}],"replies":[{"embeddable":true,"href":"https:\/\/www.pfarregersthof.at\/komm\/wp-json\/wp\/v2\/comments?post=5287"}],"version-history":[{"count":1,"href":"https:\/\/www.pfarregersthof.at\/komm\/wp-json\/wp\/v2\/posts\/5287\/revisions"}],"predecessor-version":[{"id":5288,"href":"https:\/\/www.pfarregersthof.at\/komm\/wp-json\/wp\/v2\/posts\/5287\/revisions\/5288"}],"wp:attachment":[{"href":"https:\/\/www.pfarregersthof.at\/komm\/wp-json\/wp\/v2\/media?parent=5287"}],"wp:term":[{"taxonomy":"category","embeddable":true,"href":"https:\/\/www.pfarregersthof.at\/komm\/wp-json\/wp\/v2\/categories?post=5287"},{"taxonomy":"post_tag","embeddable":true,"href":"https:\/\/www.pfarregersthof.at\/komm\/wp-json\/wp\/v2\/tags?post=5287"}],"curies":[{"name":"wp","href":"https:\/\/api.w.org\/{rel}","templated":true}]}}