{"id":5293,"date":"2018-09-02T14:24:38","date_gmt":"2018-09-02T13:24:38","guid":{"rendered":"http:\/\/www.pfarregersthof.at\/komm\/?p=5293"},"modified":"2018-09-16T16:48:18","modified_gmt":"2018-09-16T15:48:18","slug":"kirche-und-gesellschaft-in-polen-13-9","status":"publish","type":"post","link":"https:\/\/www.pfarregersthof.at\/komm\/2018\/09\/kirche-und-gesellschaft-in-polen-13-9\/","title":{"rendered":"&#8222;Kirche und Gesellschaft in Polen&#8220; (13.9.)"},"content":{"rendered":"<p>Herzliche Einladung zum Donnerstagtreff am <strong>13. September um 19.30 Uhr im Gemeindezentrum<\/strong> (Bastiengasse 18).<\/p>\n<p>RA Pawel Kuglarz (Polen) spricht zum Thema: \u201eKirche und Gesellschaft in Polen \u2013 gestern und heute\u201c<\/p>\n<p>Zum Referenten gibt es folgende Hintergrundinformationen:<br \/>\n&#8211; er war Rechtsberater von Kardinal Macharski und Kardinal Dziwisz (Sekret\u00e4r des Papstes Johannes Paul II).<br \/>\n&#8211; er war Assistent beim Lehrstuhl f\u00fcr kirchliche Rechtsgeschichte an der Uni Krakau, Dozent im Priesterseminar der Kapuziner<br \/>\n&#8211; er ist Verfasser zahlreicher Publikationen zur Kirchengeschichte und Beziehungen zwischen Staat und Kirche (Reichskonkordat mit Hitler 1933, Konkordat mit Polen 1993, Monographie zur Konkordatsehe.<br \/>\n&#8211; er ist Gr\u00fcndungsmitglied der kath. Juristenvereinigung Polens, ist Leiter der \u00d6sterr. Rechtsschule an der Universit\u00e4t in Krakau.<\/p>\n<p>Auf zahlreiche Teilnahme an diesem Vortrag hofft<br \/>\n<span style=\"color: #3366ff;\"><em>Heinrich Bica<\/em><\/span><\/p>\n","protected":false},"excerpt":{"rendered":"<p>Herzliche Einladung zum Donnerstagtreff am 13. September um 19.30 Uhr im Gemeindezentrum (Bastiengasse 18). RA Pawel Kuglarz (Polen) spricht zum Thema: \u201eKirche und Gesellschaft in Polen \u2013 gestern und heute\u201c Zum Referenten gibt es folgende Hintergrundinformationen: &#8211; er war Rechtsberater von Kardinal Macharski und Kardinal Dziwisz (Sekret\u00e4r des Papstes Johannes Paul II). &#8211; er war [&hellip;]<\/p>\n","protected":false},"author":2,"featured_media":0,"comment_status":"open","ping_status":"open","sticky":false,"template":"","format":"standard","meta":{"ngg_post_thumbnail":0,"footnotes":""},"categories":[7],"tags":[],"class_list":{"0":"post-5293","1":"post","2":"type-post","3":"status-publish","4":"format-standard","6":"category-archiv"},"publishpress_future_action":{"enabled":false,"date":"2026-05-03 11:51:47","action":"category","newStatus":"draft","terms":[],"taxonomy":"category","extraData":[]},"publishpress_future_workflow_manual_trigger":{"enabledWorkflows":[]},"_links":{"self":[{"href":"https:\/\/www.pfarregersthof.at\/komm\/wp-json\/wp\/v2\/posts\/5293","targetHints":{"allow":["GET"]}}],"collection":[{"href":"https:\/\/www.pfarregersthof.at\/komm\/wp-json\/wp\/v2\/posts"}],"about":[{"href":"https:\/\/www.pfarregersthof.at\/komm\/wp-json\/wp\/v2\/types\/post"}],"author":[{"embeddable":true,"href":"https:\/\/www.pfarregersthof.at\/komm\/wp-json\/wp\/v2\/users\/2"}],"replies":[{"embeddable":true,"href":"https:\/\/www.pfarregersthof.at\/komm\/wp-json\/wp\/v2\/comments?post=5293"}],"version-history":[{"count":1,"href":"https:\/\/www.pfarregersthof.at\/komm\/wp-json\/wp\/v2\/posts\/5293\/revisions"}],"predecessor-version":[{"id":5294,"href":"https:\/\/www.pfarregersthof.at\/komm\/wp-json\/wp\/v2\/posts\/5293\/revisions\/5294"}],"wp:attachment":[{"href":"https:\/\/www.pfarregersthof.at\/komm\/wp-json\/wp\/v2\/media?parent=5293"}],"wp:term":[{"taxonomy":"category","embeddable":true,"href":"https:\/\/www.pfarregersthof.at\/komm\/wp-json\/wp\/v2\/categories?post=5293"},{"taxonomy":"post_tag","embeddable":true,"href":"https:\/\/www.pfarregersthof.at\/komm\/wp-json\/wp\/v2\/tags?post=5293"}],"curies":[{"name":"wp","href":"https:\/\/api.w.org\/{rel}","templated":true}]}}