{"id":5300,"date":"2018-09-06T14:27:32","date_gmt":"2018-09-06T13:27:32","guid":{"rendered":"http:\/\/www.pfarregersthof.at\/komm\/?p=5300"},"modified":"2018-10-14T16:19:08","modified_gmt":"2018-10-14T15:19:08","slug":"hilfe-fuer-rumaenien-rep-moldau","status":"publish","type":"post","link":"https:\/\/www.pfarregersthof.at\/komm\/2018\/09\/hilfe-fuer-rumaenien-rep-moldau\/","title":{"rendered":"Hilfe f\u00fcr Rum\u00e4nien + Rep. Moldau"},"content":{"rendered":"<p>Bitte um Ihre Mithilfe f\u00fcr die n\u00e4chste Hilfsfahrt nach Rum\u00e4nien und in das \u00e4rmste Land Europas, die Republik Moldau:<\/p>\n<p>Ich suche dringend nicht mehr ben\u00f6tigte Gehst\u00f6cke, Gehwagen, Rollatoren und Rollst\u00fchle. Falls Sie solche spenden wollen, bitte um Bekanntgabe Ihrer Telefonnummer an das <a href=\"sekretariat@pfarregersthof.at\">Pfarrsekretariat<\/a>.<br \/>\nIhre Spende wird von mir abgeholt.<br \/>\nHelmut Euler-Rolle, &#8222;Austria pro Moldavia&#8220;<\/p>\n","protected":false},"excerpt":{"rendered":"<p>Bitte um Ihre Mithilfe f\u00fcr die n\u00e4chste Hilfsfahrt nach Rum\u00e4nien und in das \u00e4rmste Land Europas, die Republik Moldau: Ich suche dringend nicht mehr ben\u00f6tigte Gehst\u00f6cke, Gehwagen, Rollatoren und Rollst\u00fchle. Falls Sie solche spenden wollen, bitte um Bekanntgabe Ihrer Telefonnummer an das Pfarrsekretariat. Ihre Spende wird von mir abgeholt. Helmut Euler-Rolle, &#8222;Austria pro Moldavia&#8220;<\/p>\n","protected":false},"author":2,"featured_media":0,"comment_status":"open","ping_status":"open","sticky":false,"template":"","format":"standard","meta":{"ngg_post_thumbnail":0,"footnotes":""},"categories":[7],"tags":[],"class_list":{"0":"post-5300","1":"post","2":"type-post","3":"status-publish","4":"format-standard","6":"category-archiv"},"publishpress_future_action":{"enabled":false,"date":"2026-05-03 16:57:29","action":"category","newStatus":"draft","terms":[],"taxonomy":"category","extraData":[]},"publishpress_future_workflow_manual_trigger":{"enabledWorkflows":[]},"_links":{"self":[{"href":"https:\/\/www.pfarregersthof.at\/komm\/wp-json\/wp\/v2\/posts\/5300","targetHints":{"allow":["GET"]}}],"collection":[{"href":"https:\/\/www.pfarregersthof.at\/komm\/wp-json\/wp\/v2\/posts"}],"about":[{"href":"https:\/\/www.pfarregersthof.at\/komm\/wp-json\/wp\/v2\/types\/post"}],"author":[{"embeddable":true,"href":"https:\/\/www.pfarregersthof.at\/komm\/wp-json\/wp\/v2\/users\/2"}],"replies":[{"embeddable":true,"href":"https:\/\/www.pfarregersthof.at\/komm\/wp-json\/wp\/v2\/comments?post=5300"}],"version-history":[{"count":1,"href":"https:\/\/www.pfarregersthof.at\/komm\/wp-json\/wp\/v2\/posts\/5300\/revisions"}],"predecessor-version":[{"id":5301,"href":"https:\/\/www.pfarregersthof.at\/komm\/wp-json\/wp\/v2\/posts\/5300\/revisions\/5301"}],"wp:attachment":[{"href":"https:\/\/www.pfarregersthof.at\/komm\/wp-json\/wp\/v2\/media?parent=5300"}],"wp:term":[{"taxonomy":"category","embeddable":true,"href":"https:\/\/www.pfarregersthof.at\/komm\/wp-json\/wp\/v2\/categories?post=5300"},{"taxonomy":"post_tag","embeddable":true,"href":"https:\/\/www.pfarregersthof.at\/komm\/wp-json\/wp\/v2\/tags?post=5300"}],"curies":[{"name":"wp","href":"https:\/\/api.w.org\/{rel}","templated":true}]}}