{"id":5306,"date":"2018-09-07T14:49:34","date_gmt":"2018-09-07T13:49:34","guid":{"rendered":"http:\/\/www.pfarregersthof.at\/komm\/?p=5306"},"modified":"2018-09-16T16:47:56","modified_gmt":"2018-09-16T15:47:56","slug":"auf-spuren-der-zeitgeschichte-16-9","status":"publish","type":"post","link":"https:\/\/www.pfarregersthof.at\/komm\/2018\/09\/auf-spuren-der-zeitgeschichte-16-9\/","title":{"rendered":"Auf den Spuren der Zeitgeschichte (16.9.)"},"content":{"rendered":"<p>Einladung zu einem Rundgang durch Gersthof unter dem Motto &#8222;Auf den Spuren der Zeitgeschichte&#8220; am <strong>Sonntag, 16. September<\/strong>. Treffpunkt 1<strong>4 Uhr auf der T\u00fcrkenschanzplatz<\/strong> bei der Station der Stra\u00dfenbahnlinie 41.<\/p>\n<p>Bei dem Rundgang begeben wir uns auf die Spuren von Menschen und ihren Lebensgeschichten im 20. Jahrhundert, besonders auch zu Schaupl\u00e4tzen der NS-Zeitgeschichte in Gersthof.<\/p>\n<p>Zum Rundgang laden ein Michael Alm\u00e1si-Szab\u00f3, Irene Hyna, Rita Kupka-Baier und Dietfried Olbrich der auch f\u00fcr R\u00fcckfragen zur Verf\u00fcgung steht (0699 130 486 77)<\/p>\n","protected":false},"excerpt":{"rendered":"<p>Einladung zu einem Rundgang durch Gersthof unter dem Motto &#8222;Auf den Spuren der Zeitgeschichte&#8220; am Sonntag, 16. September. Treffpunkt 14 Uhr auf der T\u00fcrkenschanzplatz bei der Station der Stra\u00dfenbahnlinie 41. Bei dem Rundgang begeben wir uns auf die Spuren von Menschen und ihren Lebensgeschichten im 20. Jahrhundert, besonders auch zu Schaupl\u00e4tzen der NS-Zeitgeschichte in Gersthof. [&hellip;]<\/p>\n","protected":false},"author":2,"featured_media":0,"comment_status":"open","ping_status":"open","sticky":false,"template":"","format":"standard","meta":{"ngg_post_thumbnail":0,"footnotes":""},"categories":[7],"tags":[],"class_list":{"0":"post-5306","1":"post","2":"type-post","3":"status-publish","4":"format-standard","6":"category-archiv"},"publishpress_future_action":{"enabled":false,"date":"2026-05-03 16:58:54","action":"category","newStatus":"draft","terms":[],"taxonomy":"category","extraData":[]},"publishpress_future_workflow_manual_trigger":{"enabledWorkflows":[]},"_links":{"self":[{"href":"https:\/\/www.pfarregersthof.at\/komm\/wp-json\/wp\/v2\/posts\/5306","targetHints":{"allow":["GET"]}}],"collection":[{"href":"https:\/\/www.pfarregersthof.at\/komm\/wp-json\/wp\/v2\/posts"}],"about":[{"href":"https:\/\/www.pfarregersthof.at\/komm\/wp-json\/wp\/v2\/types\/post"}],"author":[{"embeddable":true,"href":"https:\/\/www.pfarregersthof.at\/komm\/wp-json\/wp\/v2\/users\/2"}],"replies":[{"embeddable":true,"href":"https:\/\/www.pfarregersthof.at\/komm\/wp-json\/wp\/v2\/comments?post=5306"}],"version-history":[{"count":2,"href":"https:\/\/www.pfarregersthof.at\/komm\/wp-json\/wp\/v2\/posts\/5306\/revisions"}],"predecessor-version":[{"id":5308,"href":"https:\/\/www.pfarregersthof.at\/komm\/wp-json\/wp\/v2\/posts\/5306\/revisions\/5308"}],"wp:attachment":[{"href":"https:\/\/www.pfarregersthof.at\/komm\/wp-json\/wp\/v2\/media?parent=5306"}],"wp:term":[{"taxonomy":"category","embeddable":true,"href":"https:\/\/www.pfarregersthof.at\/komm\/wp-json\/wp\/v2\/categories?post=5306"},{"taxonomy":"post_tag","embeddable":true,"href":"https:\/\/www.pfarregersthof.at\/komm\/wp-json\/wp\/v2\/tags?post=5306"}],"curies":[{"name":"wp","href":"https:\/\/api.w.org\/{rel}","templated":true}]}}