{"id":5315,"date":"2018-09-16T17:18:02","date_gmt":"2018-09-16T16:18:02","guid":{"rendered":"http:\/\/www.pfarregersthof.at\/komm\/?p=5315"},"modified":"2018-10-07T15:12:32","modified_gmt":"2018-10-07T14:12:32","slug":"oekumenischer-erntedank-28-9","status":"publish","type":"post","link":"https:\/\/www.pfarregersthof.at\/komm\/2018\/09\/oekumenischer-erntedank-28-9\/","title":{"rendered":"\u00d6kumenischer Erntedank (28.9.)"},"content":{"rendered":"<p>Herzliche Einladung zum zum \u00f6kumenischen Erntedank am 28. September.<br \/>\nUm 17.00 Uhr von der P\u00f6tzleinsdorfer Pfarrkirche (Endstation 41) zur \u00c4gydius Kirche<br \/>\n17.30 Uhr: \u00f6kumenischer Gottesdienst in der \u00c4gydius Kirche<br \/>\nanschlie\u00dfend R\u00fcckkehr in den P\u00f6tzleinsdorfer Pfarrsaal zum Erntedank\u2013Heurigen und geselligen Zusammensein und zu interessanten Gespr\u00e4chen.<br \/>\n<span style=\"color: #3366ff;\"><em>Heinrich Bica<\/em><\/span><\/p>\n","protected":false},"excerpt":{"rendered":"<p>Herzliche Einladung zum zum \u00f6kumenischen Erntedank am 28. September. Um 17.00 Uhr von der P\u00f6tzleinsdorfer Pfarrkirche (Endstation 41) zur \u00c4gydius Kirche 17.30 Uhr: \u00f6kumenischer Gottesdienst in der \u00c4gydius Kirche anschlie\u00dfend R\u00fcckkehr in den P\u00f6tzleinsdorfer Pfarrsaal zum Erntedank\u2013Heurigen und geselligen Zusammensein und zu interessanten Gespr\u00e4chen. Heinrich Bica<\/p>\n","protected":false},"author":2,"featured_media":0,"comment_status":"open","ping_status":"open","sticky":false,"template":"","format":"standard","meta":{"ngg_post_thumbnail":0,"footnotes":""},"categories":[7],"tags":[],"class_list":{"0":"post-5315","1":"post","2":"type-post","3":"status-publish","4":"format-standard","6":"category-archiv"},"publishpress_future_action":{"enabled":false,"date":"2026-05-03 20:25:12","action":"category","newStatus":"draft","terms":[],"taxonomy":"category","extraData":[]},"publishpress_future_workflow_manual_trigger":{"enabledWorkflows":[]},"_links":{"self":[{"href":"https:\/\/www.pfarregersthof.at\/komm\/wp-json\/wp\/v2\/posts\/5315","targetHints":{"allow":["GET"]}}],"collection":[{"href":"https:\/\/www.pfarregersthof.at\/komm\/wp-json\/wp\/v2\/posts"}],"about":[{"href":"https:\/\/www.pfarregersthof.at\/komm\/wp-json\/wp\/v2\/types\/post"}],"author":[{"embeddable":true,"href":"https:\/\/www.pfarregersthof.at\/komm\/wp-json\/wp\/v2\/users\/2"}],"replies":[{"embeddable":true,"href":"https:\/\/www.pfarregersthof.at\/komm\/wp-json\/wp\/v2\/comments?post=5315"}],"version-history":[{"count":1,"href":"https:\/\/www.pfarregersthof.at\/komm\/wp-json\/wp\/v2\/posts\/5315\/revisions"}],"predecessor-version":[{"id":5316,"href":"https:\/\/www.pfarregersthof.at\/komm\/wp-json\/wp\/v2\/posts\/5315\/revisions\/5316"}],"wp:attachment":[{"href":"https:\/\/www.pfarregersthof.at\/komm\/wp-json\/wp\/v2\/media?parent=5315"}],"wp:term":[{"taxonomy":"category","embeddable":true,"href":"https:\/\/www.pfarregersthof.at\/komm\/wp-json\/wp\/v2\/categories?post=5315"},{"taxonomy":"post_tag","embeddable":true,"href":"https:\/\/www.pfarregersthof.at\/komm\/wp-json\/wp\/v2\/tags?post=5315"}],"curies":[{"name":"wp","href":"https:\/\/api.w.org\/{rel}","templated":true}]}}