{"id":5317,"date":"2018-09-16T17:28:34","date_gmt":"2018-09-16T16:28:34","guid":{"rendered":"http:\/\/www.pfarregersthof.at\/komm\/?p=5317"},"modified":"2018-10-14T16:18:53","modified_gmt":"2018-10-14T15:18:53","slug":"schul-und-gruppenstart","status":"publish","type":"post","link":"https:\/\/www.pfarregersthof.at\/komm\/2018\/09\/schul-und-gruppenstart\/","title":{"rendered":"Schul- und Gruppenstart"},"content":{"rendered":"<figure id=\"attachment_5318\" aria-describedby=\"caption-attachment-5318\" style=\"width: 300px\" class=\"wp-caption alignleft\"><a href=\"https:\/\/www.pfarregersthof.at\/komm\/wp-content\/uploads\/2018\/09\/mwsat-20180916-P1190271.jpg\"><img loading=\"lazy\" decoding=\"async\" class=\"size-medium wp-image-5318\" src=\"https:\/\/www.pfarregersthof.at\/komm\/wp-content\/uploads\/2018\/09\/mwsat-20180916-P1190271-300x201.jpg\" alt=\"\" width=\"300\" height=\"201\" srcset=\"https:\/\/www.pfarregersthof.at\/komm\/wp-content\/uploads\/2018\/09\/mwsat-20180916-P1190271-300x201.jpg 300w, https:\/\/www.pfarregersthof.at\/komm\/wp-content\/uploads\/2018\/09\/mwsat-20180916-P1190271-150x100.jpg 150w, https:\/\/www.pfarregersthof.at\/komm\/wp-content\/uploads\/2018\/09\/mwsat-20180916-P1190271-768x514.jpg 768w, https:\/\/www.pfarregersthof.at\/komm\/wp-content\/uploads\/2018\/09\/mwsat-20180916-P1190271-800x535.jpg 800w, https:\/\/www.pfarregersthof.at\/komm\/wp-content\/uploads\/2018\/09\/mwsat-20180916-P1190271.jpg 1000w\" sizes=\"auto, (max-width: 300px) 100vw, 300px\" \/><\/a><figcaption id=\"caption-attachment-5318\" class=\"wp-caption-text\">Schultaschen-Sonntag, 16.9.2018<\/figcaption><\/figure>\n<p>Am Sonntag, 16.9., hat es das Schultaschenfest f\u00fcr alle die im Herbst Schulanf\u00e4ngerInnen sind und ein Startfest f\u00fcr Kinder der 3.\/4. Klasse Volksschule gegeben.<\/p>\n<p>Zum Gottesdienst um 10 Uhr brachten viele Erstkl\u00e4sslerInnen ihre neue Schultasche mit und bildeten damit eine lange Reihe vor dem Altar. Am Ende des Gottesdienstes spendete Pfarrer Norbert jedem Kind einen Segen f\u00fcr einen guten Start in die Schulzeit.<\/p>\n<figure id=\"attachment_5319\" aria-describedby=\"caption-attachment-5319\" style=\"width: 300px\" class=\"wp-caption alignright\"><a href=\"https:\/\/www.pfarregersthof.at\/komm\/wp-content\/uploads\/2018\/09\/mwsat-20180916-P1190277.jpg\"><img loading=\"lazy\" decoding=\"async\" class=\"size-medium wp-image-5319\" src=\"https:\/\/www.pfarregersthof.at\/komm\/wp-content\/uploads\/2018\/09\/mwsat-20180916-P1190277-300x201.jpg\" alt=\"\" width=\"300\" height=\"201\" srcset=\"https:\/\/www.pfarregersthof.at\/komm\/wp-content\/uploads\/2018\/09\/mwsat-20180916-P1190277-300x201.jpg 300w, https:\/\/www.pfarregersthof.at\/komm\/wp-content\/uploads\/2018\/09\/mwsat-20180916-P1190277-150x100.jpg 150w, https:\/\/www.pfarregersthof.at\/komm\/wp-content\/uploads\/2018\/09\/mwsat-20180916-P1190277-768x514.jpg 768w, https:\/\/www.pfarregersthof.at\/komm\/wp-content\/uploads\/2018\/09\/mwsat-20180916-P1190277-800x535.jpg 800w, https:\/\/www.pfarregersthof.at\/komm\/wp-content\/uploads\/2018\/09\/mwsat-20180916-P1190277.jpg 1000w\" sizes=\"auto, (max-width: 300px) 100vw, 300px\" \/><\/a><figcaption id=\"caption-attachment-5319\" class=\"wp-caption-text\">Schultaschen-Sonntag, 16.9.2018<\/figcaption><\/figure>\n<p>Nach dem gemeinsamen Gottesdienst starteten die Jungschar &amp; MinistrantInnen bei Spiel, Schmauserei und Bastelaktivit\u00e4ten. Wir freuen uns auf Kinder der 3. und 4. Volksschulklassen die in diese Angebote einsteigen.<\/p>\n","protected":false},"excerpt":{"rendered":"<p>Am Sonntag, 16.9., hat es das Schultaschenfest f\u00fcr alle die im Herbst Schulanf\u00e4ngerInnen sind und ein Startfest f\u00fcr Kinder der 3.\/4. Klasse Volksschule gegeben. Zum Gottesdienst um 10 Uhr brachten viele Erstkl\u00e4sslerInnen ihre neue Schultasche mit und bildeten damit eine lange Reihe vor dem Altar. Am Ende des Gottesdienstes spendete Pfarrer Norbert jedem Kind einen [&hellip;]<\/p>\n","protected":false},"author":2,"featured_media":5318,"comment_status":"open","ping_status":"open","sticky":false,"template":"","format":"standard","meta":{"ngg_post_thumbnail":0,"footnotes":""},"categories":[7],"tags":[],"class_list":{"0":"post-5317","1":"post","2":"type-post","3":"status-publish","4":"format-standard","5":"has-post-thumbnail","7":"category-archiv"},"publishpress_future_action":{"enabled":false,"date":"2026-05-03 23:57:54","action":"category","newStatus":"draft","terms":[],"taxonomy":"category","extraData":[]},"publishpress_future_workflow_manual_trigger":{"enabledWorkflows":[]},"_links":{"self":[{"href":"https:\/\/www.pfarregersthof.at\/komm\/wp-json\/wp\/v2\/posts\/5317","targetHints":{"allow":["GET"]}}],"collection":[{"href":"https:\/\/www.pfarregersthof.at\/komm\/wp-json\/wp\/v2\/posts"}],"about":[{"href":"https:\/\/www.pfarregersthof.at\/komm\/wp-json\/wp\/v2\/types\/post"}],"author":[{"embeddable":true,"href":"https:\/\/www.pfarregersthof.at\/komm\/wp-json\/wp\/v2\/users\/2"}],"replies":[{"embeddable":true,"href":"https:\/\/www.pfarregersthof.at\/komm\/wp-json\/wp\/v2\/comments?post=5317"}],"version-history":[{"count":1,"href":"https:\/\/www.pfarregersthof.at\/komm\/wp-json\/wp\/v2\/posts\/5317\/revisions"}],"predecessor-version":[{"id":5320,"href":"https:\/\/www.pfarregersthof.at\/komm\/wp-json\/wp\/v2\/posts\/5317\/revisions\/5320"}],"wp:featuredmedia":[{"embeddable":true,"href":"https:\/\/www.pfarregersthof.at\/komm\/wp-json\/wp\/v2\/media\/5318"}],"wp:attachment":[{"href":"https:\/\/www.pfarregersthof.at\/komm\/wp-json\/wp\/v2\/media?parent=5317"}],"wp:term":[{"taxonomy":"category","embeddable":true,"href":"https:\/\/www.pfarregersthof.at\/komm\/wp-json\/wp\/v2\/categories?post=5317"},{"taxonomy":"post_tag","embeddable":true,"href":"https:\/\/www.pfarregersthof.at\/komm\/wp-json\/wp\/v2\/tags?post=5317"}],"curies":[{"name":"wp","href":"https:\/\/api.w.org\/{rel}","templated":true}]}}