{"id":5371,"date":"2018-10-07T15:07:53","date_gmt":"2018-10-07T14:07:53","guid":{"rendered":"http:\/\/www.pfarregersthof.at\/komm\/?p=5371"},"modified":"2018-12-13T12:21:29","modified_gmt":"2018-12-13T11:21:29","slug":"erntedank-aus-kleinem-wird-grosses","status":"publish","type":"post","link":"https:\/\/www.pfarregersthof.at\/komm\/2018\/10\/erntedank-aus-kleinem-wird-grosses\/","title":{"rendered":"Erntedank &#8211; Aus Kleinem wird Gro\u00dfes"},"content":{"rendered":"<p>Erntedank hat die Pfarrgemeinde und der Pfarrkindergarten am Sonntag, 7. Oktober, im 10-Uhr Gottesdienst gefeiert. In diesem Jahr war &#8222;Aus Kleinem wird Gro\u00dfes&#8220; der Leitgedanke. Den Kindern wurde dies anhand einer Geschichte veranschaulicht, in dem der Samen eines Baumes vom kleinen Korn zum schlie\u00dflich gro\u00dfen Gew\u00e4chs auf einem Bauernhof wird. Die Erwachsenen wurden eingeladen, f\u00fcr von ihnen erlebtes Wachsen Dank auszusprechen, denn Wachsen solle nicht als Selbstverst\u00e4ndlichkeit betrachtet werden.<\/p>\n<p>Nach dem Gottesdienst gab es f\u00fcr die Kinder um die Kirche mehrere Erlebnisstationen:&nbsp; das Erraten von Gegenst\u00e4nden, das Aussortieren von Abfallstoffen, das Gehen auf einer Slackline, das Gestalten von Papiersackeln in denen sie sich&nbsp; Popcorn abholen konnten, das Schneiden und Malen einer Krone, und der Bau von Fliegern.<\/p>\n<p>Die Erwachsenen wurden zu einer Agape mit k\u00f6stlichen Broten und Geb\u00e4ck und dazu einem herzhaften Getr\u00e4nk eingeladen, das hatte der Kindergarten-Elternverein engagiert vorbereitet.<\/p>\nngg_shortcode_0_placeholder\n<h6>Fotos: Michael Steidl<\/h6>\n","protected":false},"excerpt":{"rendered":"<p>Erntedank hat die Pfarrgemeinde und der Pfarrkindergarten am Sonntag, 7. Oktober, im 10-Uhr Gottesdienst gefeiert. In diesem Jahr war &#8222;Aus Kleinem wird Gro\u00dfes&#8220; der Leitgedanke. Den Kindern wurde dies anhand einer Geschichte veranschaulicht, in dem der Samen eines Baumes vom kleinen Korn zum schlie\u00dflich gro\u00dfen Gew\u00e4chs auf einem Bauernhof wird. Die Erwachsenen wurden eingeladen, f\u00fcr [&hellip;]<\/p>\n","protected":false},"author":2,"featured_media":5372,"comment_status":"open","ping_status":"open","sticky":false,"template":"","format":"standard","meta":{"ngg_post_thumbnail":0,"footnotes":""},"categories":[7],"tags":[],"class_list":{"0":"post-5371","1":"post","2":"type-post","3":"status-publish","4":"format-standard","5":"has-post-thumbnail","7":"category-archiv"},"publishpress_future_action":{"enabled":false,"date":"2026-05-04 01:44:07","action":"category","newStatus":"draft","terms":[],"taxonomy":"category","extraData":[]},"publishpress_future_workflow_manual_trigger":{"enabledWorkflows":[]},"_links":{"self":[{"href":"https:\/\/www.pfarregersthof.at\/komm\/wp-json\/wp\/v2\/posts\/5371","targetHints":{"allow":["GET"]}}],"collection":[{"href":"https:\/\/www.pfarregersthof.at\/komm\/wp-json\/wp\/v2\/posts"}],"about":[{"href":"https:\/\/www.pfarregersthof.at\/komm\/wp-json\/wp\/v2\/types\/post"}],"author":[{"embeddable":true,"href":"https:\/\/www.pfarregersthof.at\/komm\/wp-json\/wp\/v2\/users\/2"}],"replies":[{"embeddable":true,"href":"https:\/\/www.pfarregersthof.at\/komm\/wp-json\/wp\/v2\/comments?post=5371"}],"version-history":[{"count":1,"href":"https:\/\/www.pfarregersthof.at\/komm\/wp-json\/wp\/v2\/posts\/5371\/revisions"}],"predecessor-version":[{"id":5373,"href":"https:\/\/www.pfarregersthof.at\/komm\/wp-json\/wp\/v2\/posts\/5371\/revisions\/5373"}],"wp:featuredmedia":[{"embeddable":true,"href":"https:\/\/www.pfarregersthof.at\/komm\/wp-json\/wp\/v2\/media\/5372"}],"wp:attachment":[{"href":"https:\/\/www.pfarregersthof.at\/komm\/wp-json\/wp\/v2\/media?parent=5371"}],"wp:term":[{"taxonomy":"category","embeddable":true,"href":"https:\/\/www.pfarregersthof.at\/komm\/wp-json\/wp\/v2\/categories?post=5371"},{"taxonomy":"post_tag","embeddable":true,"href":"https:\/\/www.pfarregersthof.at\/komm\/wp-json\/wp\/v2\/tags?post=5371"}],"curies":[{"name":"wp","href":"https:\/\/api.w.org\/{rel}","templated":true}]}}