{"id":5376,"date":"2018-10-07T15:18:20","date_gmt":"2018-10-07T14:18:20","guid":{"rendered":"http:\/\/www.pfarregersthof.at\/komm\/?p=5376"},"modified":"2018-11-23T20:05:16","modified_gmt":"2018-11-23T19:05:16","slug":"firmung-fuer-erwachsene","status":"publish","type":"post","link":"https:\/\/www.pfarregersthof.at\/komm\/2018\/10\/firmung-fuer-erwachsene\/","title":{"rendered":"Firmung f\u00fcr Erwachsene"},"content":{"rendered":"<p>F\u00fcr den Empfang der Firmung ist es nie zu sp\u00e4t. Wir freuen uns, wenn Sie noch nicht gefirmt sind und Interesse an einer Firmvorbereitung haben. Voraussetzung daf\u00fcr ist die Taufe und der Wunsch nach Vertiefung des christlichen Glaubens.<\/p>\n<p>Die Firmfeier wird in Gersthof am 26. Mai 2019 sein.<\/p>\n<p>Informationen bei Pfarrer Norbert \u00fcber das <a href=\"\/komm\/pfarre-von-a-z\/information\/kontakt-aufnehmen\/#pfarrsek\">Pfarrsekretariat<\/a>.<\/p>\n","protected":false},"excerpt":{"rendered":"<p>F\u00fcr den Empfang der Firmung ist es nie zu sp\u00e4t. Wir freuen uns, wenn Sie noch nicht gefirmt sind und Interesse an einer Firmvorbereitung haben. Voraussetzung daf\u00fcr ist die Taufe und der Wunsch nach Vertiefung des christlichen Glaubens. Die Firmfeier wird in Gersthof am 26. Mai 2019 sein. Informationen bei Pfarrer Norbert \u00fcber das Pfarrsekretariat.<\/p>\n","protected":false},"author":2,"featured_media":0,"comment_status":"open","ping_status":"open","sticky":false,"template":"","format":"standard","meta":{"ngg_post_thumbnail":0,"footnotes":""},"categories":[7],"tags":[],"class_list":{"0":"post-5376","1":"post","2":"type-post","3":"status-publish","4":"format-standard","6":"category-archiv"},"publishpress_future_action":{"enabled":false,"date":"2026-05-04 05:22:33","action":"category","newStatus":"draft","terms":[],"taxonomy":"category","extraData":[]},"publishpress_future_workflow_manual_trigger":{"enabledWorkflows":[]},"_links":{"self":[{"href":"https:\/\/www.pfarregersthof.at\/komm\/wp-json\/wp\/v2\/posts\/5376","targetHints":{"allow":["GET"]}}],"collection":[{"href":"https:\/\/www.pfarregersthof.at\/komm\/wp-json\/wp\/v2\/posts"}],"about":[{"href":"https:\/\/www.pfarregersthof.at\/komm\/wp-json\/wp\/v2\/types\/post"}],"author":[{"embeddable":true,"href":"https:\/\/www.pfarregersthof.at\/komm\/wp-json\/wp\/v2\/users\/2"}],"replies":[{"embeddable":true,"href":"https:\/\/www.pfarregersthof.at\/komm\/wp-json\/wp\/v2\/comments?post=5376"}],"version-history":[{"count":1,"href":"https:\/\/www.pfarregersthof.at\/komm\/wp-json\/wp\/v2\/posts\/5376\/revisions"}],"predecessor-version":[{"id":5377,"href":"https:\/\/www.pfarregersthof.at\/komm\/wp-json\/wp\/v2\/posts\/5376\/revisions\/5377"}],"wp:attachment":[{"href":"https:\/\/www.pfarregersthof.at\/komm\/wp-json\/wp\/v2\/media?parent=5376"}],"wp:term":[{"taxonomy":"category","embeddable":true,"href":"https:\/\/www.pfarregersthof.at\/komm\/wp-json\/wp\/v2\/categories?post=5376"},{"taxonomy":"post_tag","embeddable":true,"href":"https:\/\/www.pfarregersthof.at\/komm\/wp-json\/wp\/v2\/tags?post=5376"}],"curies":[{"name":"wp","href":"https:\/\/api.w.org\/{rel}","templated":true}]}}