{"id":5378,"date":"2018-10-07T15:21:29","date_gmt":"2018-10-07T14:21:29","guid":{"rendered":"http:\/\/www.pfarregersthof.at\/komm\/?p=5378"},"modified":"2018-11-22T16:27:03","modified_gmt":"2018-11-22T15:27:03","slug":"lukas-fotos-in-erinnerung-19-11","status":"publish","type":"post","link":"https:\/\/www.pfarregersthof.at\/komm\/2018\/10\/lukas-fotos-in-erinnerung-19-11\/","title":{"rendered":"Lukas&#8216; 42er Fotos &#8211; in Erinnerung (&#8230; 19.11.)"},"content":{"rendered":"<p>Lukas war j\u00fcngster Teilnehmer beim &#8222;Vienna City Marathon\u201c, in Vorbereitung daf\u00fcr hat er viele Fotos gemacht. Diese sind nun im Rahmen einer Ausstellung \u201e42\u201c (42 Bilder f\u00fcr 42 km) im Gemeindezentrum (Bastiengasse 18) zu sehen.<\/p>\n<p>In Erinnerung an Lukas hatten wir am Sonntag, 30.9., als Freundeskreis das Pfarrkaffee gestaltet! F\u00fcr die gro\u00dfartige Teilnahme und den Erl\u00f6s von \u20ac 705.\u2014m\u00f6chten wir herzlich danken!<br \/>\nDer Spendenerl\u00f6s wird Dr. Helmut Euler-Rolle f\u00fcr seine Projekte in Rum\u00e4nien und Moldawien \u2013 speziell f\u00fcr Kinder &#8211; zu Gute kommen.<\/p>\n<p>Die Finissage ist f\u00fcr Montag, den 19.11. geplant. Bitte haltet den Termin frei! Danke!<\/p>\n<p><span style=\"color: #3366ff;\"><em>Erna &amp; Sascha Frey Trauer, Gerda mit Fiona, Theresa, Matthi &amp; Pauli<\/em><\/span><\/p>\n","protected":false},"excerpt":{"rendered":"<p>Lukas war j\u00fcngster Teilnehmer beim &#8222;Vienna City Marathon\u201c, in Vorbereitung daf\u00fcr hat er viele Fotos gemacht. Diese sind nun im Rahmen einer Ausstellung \u201e42\u201c (42 Bilder f\u00fcr 42 km) im Gemeindezentrum (Bastiengasse 18) zu sehen. In Erinnerung an Lukas hatten wir am Sonntag, 30.9., als Freundeskreis das Pfarrkaffee gestaltet! F\u00fcr die gro\u00dfartige Teilnahme und den [&hellip;]<\/p>\n","protected":false},"author":2,"featured_media":0,"comment_status":"open","ping_status":"open","sticky":false,"template":"","format":"standard","meta":{"ngg_post_thumbnail":0,"footnotes":""},"categories":[7],"tags":[],"class_list":{"0":"post-5378","1":"post","2":"type-post","3":"status-publish","4":"format-standard","6":"category-archiv"},"publishpress_future_action":{"enabled":false,"date":"2026-05-04 07:04:50","action":"category","newStatus":"draft","terms":[],"taxonomy":"category","extraData":[]},"publishpress_future_workflow_manual_trigger":{"enabledWorkflows":[]},"_links":{"self":[{"href":"https:\/\/www.pfarregersthof.at\/komm\/wp-json\/wp\/v2\/posts\/5378","targetHints":{"allow":["GET"]}}],"collection":[{"href":"https:\/\/www.pfarregersthof.at\/komm\/wp-json\/wp\/v2\/posts"}],"about":[{"href":"https:\/\/www.pfarregersthof.at\/komm\/wp-json\/wp\/v2\/types\/post"}],"author":[{"embeddable":true,"href":"https:\/\/www.pfarregersthof.at\/komm\/wp-json\/wp\/v2\/users\/2"}],"replies":[{"embeddable":true,"href":"https:\/\/www.pfarregersthof.at\/komm\/wp-json\/wp\/v2\/comments?post=5378"}],"version-history":[{"count":2,"href":"https:\/\/www.pfarregersthof.at\/komm\/wp-json\/wp\/v2\/posts\/5378\/revisions"}],"predecessor-version":[{"id":5382,"href":"https:\/\/www.pfarregersthof.at\/komm\/wp-json\/wp\/v2\/posts\/5378\/revisions\/5382"}],"wp:attachment":[{"href":"https:\/\/www.pfarregersthof.at\/komm\/wp-json\/wp\/v2\/media?parent=5378"}],"wp:term":[{"taxonomy":"category","embeddable":true,"href":"https:\/\/www.pfarregersthof.at\/komm\/wp-json\/wp\/v2\/categories?post=5378"},{"taxonomy":"post_tag","embeddable":true,"href":"https:\/\/www.pfarregersthof.at\/komm\/wp-json\/wp\/v2\/tags?post=5378"}],"curies":[{"name":"wp","href":"https:\/\/api.w.org\/{rel}","templated":true}]}}