{"id":5402,"date":"2018-10-14T16:16:58","date_gmt":"2018-10-14T15:16:58","guid":{"rendered":"http:\/\/www.pfarregersthof.at\/komm\/?p=5402"},"modified":"2018-11-02T04:05:29","modified_gmt":"2018-11-02T03:05:29","slug":"gefuehllte-nacht-der-1000-lichter-31-10","status":"publish","type":"post","link":"https:\/\/www.pfarregersthof.at\/komm\/2018\/10\/gefuehllte-nacht-der-1000-lichter-31-10\/","title":{"rendered":"gef\u00fc(h)llte Nacht der 1000 Lichter (31.10.)"},"content":{"rendered":"<p>Eine &#8222;gef\u00fc(h)llte Nacht der 1000 Lichter&#8220; am 31. Oktober, zwischen 18 und 21.30 Uhr in unserer Pfarrkirche (Bischof-Faber-Platz) zu erleben ist eine Einladung an alle!<\/p>\n<p>Viele Kinder mit ihren Familien kommen gleich zum Beginn direkt von Holy wins &#8211; wer es ruhiger m\u00f6chte, vielleicht ein bisschen sp\u00e4ter. In der ausschlie\u00dflich von Kerzen (alu-und erd\u00f6lfrei) erleuchteten Kirche k\u00f6nnen Sie an verschiedenen Stationen Gef\u00fchle erleben und dar\u00fcber in dieser besonderen Atmosph\u00e4re nachdenken.<\/p>\n<p>Herzlich Willkommen!<br \/>\n<span style=\"color: #3366ff;\"><em>Hemma Gamillscheg<\/em><\/span><\/p>\n","protected":false},"excerpt":{"rendered":"<p>Eine &#8222;gef\u00fc(h)llte Nacht der 1000 Lichter&#8220; am 31. Oktober, zwischen 18 und 21.30 Uhr in unserer Pfarrkirche (Bischof-Faber-Platz) zu erleben ist eine Einladung an alle! Viele Kinder mit ihren Familien kommen gleich zum Beginn direkt von Holy wins &#8211; wer es ruhiger m\u00f6chte, vielleicht ein bisschen sp\u00e4ter. In der ausschlie\u00dflich von Kerzen (alu-und erd\u00f6lfrei) erleuchteten [&hellip;]<\/p>\n","protected":false},"author":2,"featured_media":0,"comment_status":"open","ping_status":"open","sticky":false,"template":"","format":"standard","meta":{"ngg_post_thumbnail":0,"footnotes":""},"categories":[7],"tags":[],"class_list":{"0":"post-5402","1":"post","2":"type-post","3":"status-publish","4":"format-standard","6":"category-archiv"},"publishpress_future_action":{"enabled":false,"date":"2026-05-04 12:10:23","action":"category","newStatus":"draft","terms":[],"taxonomy":"category","extraData":[]},"publishpress_future_workflow_manual_trigger":{"enabledWorkflows":[]},"_links":{"self":[{"href":"https:\/\/www.pfarregersthof.at\/komm\/wp-json\/wp\/v2\/posts\/5402","targetHints":{"allow":["GET"]}}],"collection":[{"href":"https:\/\/www.pfarregersthof.at\/komm\/wp-json\/wp\/v2\/posts"}],"about":[{"href":"https:\/\/www.pfarregersthof.at\/komm\/wp-json\/wp\/v2\/types\/post"}],"author":[{"embeddable":true,"href":"https:\/\/www.pfarregersthof.at\/komm\/wp-json\/wp\/v2\/users\/2"}],"replies":[{"embeddable":true,"href":"https:\/\/www.pfarregersthof.at\/komm\/wp-json\/wp\/v2\/comments?post=5402"}],"version-history":[{"count":1,"href":"https:\/\/www.pfarregersthof.at\/komm\/wp-json\/wp\/v2\/posts\/5402\/revisions"}],"predecessor-version":[{"id":5403,"href":"https:\/\/www.pfarregersthof.at\/komm\/wp-json\/wp\/v2\/posts\/5402\/revisions\/5403"}],"wp:attachment":[{"href":"https:\/\/www.pfarregersthof.at\/komm\/wp-json\/wp\/v2\/media?parent=5402"}],"wp:term":[{"taxonomy":"category","embeddable":true,"href":"https:\/\/www.pfarregersthof.at\/komm\/wp-json\/wp\/v2\/categories?post=5402"},{"taxonomy":"post_tag","embeddable":true,"href":"https:\/\/www.pfarregersthof.at\/komm\/wp-json\/wp\/v2\/tags?post=5402"}],"curies":[{"name":"wp","href":"https:\/\/api.w.org\/{rel}","templated":true}]}}