{"id":5411,"date":"2018-11-12T05:39:21","date_gmt":"2018-11-12T04:39:21","guid":{"rendered":"http:\/\/www.pfarregersthof.at\/komm\/?p=5411"},"modified":"2018-11-26T12:43:40","modified_gmt":"2018-11-26T11:43:40","slug":"bibelnachrede-wir-sind-koenig-25-11","status":"publish","type":"post","link":"https:\/\/www.pfarregersthof.at\/komm\/2018\/11\/bibelnachrede-wir-sind-koenig-25-11\/","title":{"rendered":"Bibelnachrede: Wir sind K\u00f6nig (25.11.)"},"content":{"rendered":"<p>Der 25.11. ist der Christk\u00f6nigssonntag. Jesus erkl\u00e4rt Pilatus, dass er ein K\u00f6nig, aber nicht ein K\u00f6nig von dieser Welt ist. Und Johannes stellt in der Offenbarung fest, dass Jesus uns selbst zu K\u00f6nigen gemacht hat &#8211; von dieser Welt, oder welcher anderen?<\/p>\n<p>Wer dem Evangelium und der Offenbarung nicht nur zuh\u00f6ren will, ist zur <strong>Bibelnachrede<\/strong> eingeladen: nach dem 10 Uhr-Gottesdienst kann jede und jeder in zirka einer halben Stunde sagen, welche Gedanken dazu gekommen sind, welche Fragen sich gestellt haben oder was einen daran \u00e4rgert.<\/p>\n<p>Wir laden zu diesem Nach-Gespr\u00e4ch in einer kleinen Gruppe am <strong>Sonntag, 25.11.2018, nach der 10 Uhr Messe in die Osterkapelle der Pfarrkirche<\/strong> ein.<br \/>\nDie weiteren Bibelnachreden werden an den Sonntagen 3.3.2019 und 5.5.2019 sein.<\/p>\n<p>Ich freue mich auf das gemeinsame Nachdenken und Reden,<br \/>\n<span style=\"color: #3366ff;\"><em>Michael Steidl<\/em><\/span><\/p>\n","protected":false},"excerpt":{"rendered":"<p>Der 25.11. ist der Christk\u00f6nigssonntag. Jesus erkl\u00e4rt Pilatus, dass er ein K\u00f6nig, aber nicht ein K\u00f6nig von dieser Welt ist. Und Johannes stellt in der Offenbarung fest, dass Jesus uns selbst zu K\u00f6nigen gemacht hat &#8211; von dieser Welt, oder welcher anderen? Wer dem Evangelium und der Offenbarung nicht nur zuh\u00f6ren will, ist zur Bibelnachrede [&hellip;]<\/p>\n","protected":false},"author":2,"featured_media":0,"comment_status":"open","ping_status":"open","sticky":false,"template":"","format":"standard","meta":{"ngg_post_thumbnail":0,"footnotes":""},"categories":[7],"tags":[],"class_list":{"0":"post-5411","1":"post","2":"type-post","3":"status-publish","4":"format-standard","6":"category-archiv"},"publishpress_future_action":{"enabled":false,"date":"2026-05-05 03:31:29","action":"category","newStatus":"draft","terms":[],"taxonomy":"category","extraData":[]},"publishpress_future_workflow_manual_trigger":{"enabledWorkflows":[]},"_links":{"self":[{"href":"https:\/\/www.pfarregersthof.at\/komm\/wp-json\/wp\/v2\/posts\/5411","targetHints":{"allow":["GET"]}}],"collection":[{"href":"https:\/\/www.pfarregersthof.at\/komm\/wp-json\/wp\/v2\/posts"}],"about":[{"href":"https:\/\/www.pfarregersthof.at\/komm\/wp-json\/wp\/v2\/types\/post"}],"author":[{"embeddable":true,"href":"https:\/\/www.pfarregersthof.at\/komm\/wp-json\/wp\/v2\/users\/2"}],"replies":[{"embeddable":true,"href":"https:\/\/www.pfarregersthof.at\/komm\/wp-json\/wp\/v2\/comments?post=5411"}],"version-history":[{"count":1,"href":"https:\/\/www.pfarregersthof.at\/komm\/wp-json\/wp\/v2\/posts\/5411\/revisions"}],"predecessor-version":[{"id":5412,"href":"https:\/\/www.pfarregersthof.at\/komm\/wp-json\/wp\/v2\/posts\/5411\/revisions\/5412"}],"wp:attachment":[{"href":"https:\/\/www.pfarregersthof.at\/komm\/wp-json\/wp\/v2\/media?parent=5411"}],"wp:term":[{"taxonomy":"category","embeddable":true,"href":"https:\/\/www.pfarregersthof.at\/komm\/wp-json\/wp\/v2\/categories?post=5411"},{"taxonomy":"post_tag","embeddable":true,"href":"https:\/\/www.pfarregersthof.at\/komm\/wp-json\/wp\/v2\/tags?post=5411"}],"curies":[{"name":"wp","href":"https:\/\/api.w.org\/{rel}","templated":true}]}}