{"id":5433,"date":"2018-11-22T15:58:01","date_gmt":"2018-11-22T14:58:01","guid":{"rendered":"http:\/\/www.pfarregersthof.at\/komm\/?p=5433"},"modified":"2018-12-15T19:28:18","modified_gmt":"2018-12-15T18:28:18","slug":"weihnachtspaketaktion-2018","status":"publish","type":"post","link":"https:\/\/www.pfarregersthof.at\/komm\/2018\/11\/weihnachtspaketaktion-2018\/","title":{"rendered":"Weihnachtspaketaktion 2018!"},"content":{"rendered":"<p>Liebe Pfarrgemeinde!<\/p>\n<p>An den inneren T\u00fcren der Pfarrkirche h\u00e4ngen wieder viele Zettel der Familien und Einzelpersonen, denen Sie mit einem Geschenkpaket ein frohes und gl\u00fcckliches Weihnachtsfest bescheren k\u00f6nnen. Aus vielen Reaktionen der letzten Jahre wissen wir, wie viel Freude Sie diesen Menschen bereitet haben!<\/p>\n<p>Bitte beteiligen Sie sich auch in diesem Jahr wieder so zahlreich und eindrucksvoll. Der Abschluss der Weihnachtspaketaktion wird am Sonntag, 9. Dezember 2018, um 10 Uhr wie immer im Rahmen eines festlichen Gottesdienstes mit Dr. Landau gefeiert \u201egeteilte Freude ist doppelte Freude\u201c<\/p>\n<p>Danke f\u00fcr Ihre Unterst\u00fctzung sagen<br \/>\n<span style=\"color: #3366ff;\"><em>Maria Kissich und das Pfarrcaritasteam<\/em><\/span><\/p>\n","protected":false},"excerpt":{"rendered":"<p>Liebe Pfarrgemeinde! An den inneren T\u00fcren der Pfarrkirche h\u00e4ngen wieder viele Zettel der Familien und Einzelpersonen, denen Sie mit einem Geschenkpaket ein frohes und gl\u00fcckliches Weihnachtsfest bescheren k\u00f6nnen. Aus vielen Reaktionen der letzten Jahre wissen wir, wie viel Freude Sie diesen Menschen bereitet haben! Bitte beteiligen Sie sich auch in diesem Jahr wieder so zahlreich [&hellip;]<\/p>\n","protected":false},"author":2,"featured_media":4935,"comment_status":"open","ping_status":"open","sticky":false,"template":"","format":"standard","meta":{"ngg_post_thumbnail":0,"footnotes":""},"categories":[7],"tags":[],"class_list":{"0":"post-5433","1":"post","2":"type-post","3":"status-publish","4":"format-standard","5":"has-post-thumbnail","7":"category-archiv"},"publishpress_future_action":{"enabled":false,"date":"2026-05-05 05:45:30","action":"category","newStatus":"draft","terms":[],"taxonomy":"category","extraData":[]},"publishpress_future_workflow_manual_trigger":{"enabledWorkflows":[]},"_links":{"self":[{"href":"https:\/\/www.pfarregersthof.at\/komm\/wp-json\/wp\/v2\/posts\/5433","targetHints":{"allow":["GET"]}}],"collection":[{"href":"https:\/\/www.pfarregersthof.at\/komm\/wp-json\/wp\/v2\/posts"}],"about":[{"href":"https:\/\/www.pfarregersthof.at\/komm\/wp-json\/wp\/v2\/types\/post"}],"author":[{"embeddable":true,"href":"https:\/\/www.pfarregersthof.at\/komm\/wp-json\/wp\/v2\/users\/2"}],"replies":[{"embeddable":true,"href":"https:\/\/www.pfarregersthof.at\/komm\/wp-json\/wp\/v2\/comments?post=5433"}],"version-history":[{"count":1,"href":"https:\/\/www.pfarregersthof.at\/komm\/wp-json\/wp\/v2\/posts\/5433\/revisions"}],"predecessor-version":[{"id":5434,"href":"https:\/\/www.pfarregersthof.at\/komm\/wp-json\/wp\/v2\/posts\/5433\/revisions\/5434"}],"wp:featuredmedia":[{"embeddable":true,"href":"https:\/\/www.pfarregersthof.at\/komm\/wp-json\/wp\/v2\/media\/4935"}],"wp:attachment":[{"href":"https:\/\/www.pfarregersthof.at\/komm\/wp-json\/wp\/v2\/media?parent=5433"}],"wp:term":[{"taxonomy":"category","embeddable":true,"href":"https:\/\/www.pfarregersthof.at\/komm\/wp-json\/wp\/v2\/categories?post=5433"},{"taxonomy":"post_tag","embeddable":true,"href":"https:\/\/www.pfarregersthof.at\/komm\/wp-json\/wp\/v2\/tags?post=5433"}],"curies":[{"name":"wp","href":"https:\/\/api.w.org\/{rel}","templated":true}]}}