{"id":5498,"date":"2018-12-18T09:19:04","date_gmt":"2018-12-18T08:19:04","guid":{"rendered":"http:\/\/www.pfarregersthof.at\/komm\/?p=5498"},"modified":"2019-01-11T17:56:03","modified_gmt":"2019-01-11T16:56:03","slug":"weihnachtszeit-in-gersthof-3","status":"publish","type":"post","link":"https:\/\/www.pfarregersthof.at\/komm\/2018\/12\/weihnachtszeit-in-gersthof-3\/","title":{"rendered":"Weihnachtszeit in Gersthof"},"content":{"rendered":"<h1>Viel Freude zum Weihnachtsfest unter dem Leitwort \u201eGott spricht mich an zum Menschwerden\u201c<\/h1>\n<p><em>M\u00f6gen sich Himmel und Erde in deinem\/Ihrem und unserem Leben immer wieder ber\u00fchren.<br \/>\nDass uns die tiefe Erfahrung des Weihnachtsfestes als Fest der Menschwerdung Gottes erfahrbar wird, w\u00fcnschen und erbitten f\u00fcr uns alle:<\/em><br \/>\n<span style=\"color: #3366ff;\"><em>Pfr. Norbert , Kaplan Suresh, Diakon Toni, Diakon Uwe, Pastoralassistentin Gerda, Pastoralassistent Norbert, Elisabeth und Sana mit Wolfgang f\u00fcr den Pfarrgemeinderat<\/em><\/span><\/p>\n<p><strong>Die Weihnachtszeit<\/strong>: Die Ged\u00e4chtnisfeier der Geburt des Herrn und seines offenbarenden Erscheinens bilden den besonderen Charakter der Weihnachtszeit. Sie reicht von der ersten Vesper der Geburt des Herrn bis zum Sonntag nach der Erscheinung des Herrn, dem Fest der Taufe Jesu.<\/p>\n<h5>Verwendet Abk\u00fcrzungen f\u00fcr Orte:<br \/>\nPfK: Pfarrkirche, Bischof Faber Platz<br \/>\nOK: Osterkapelle, in der PfK<br \/>\nJKp: Jugendkapelle, in der PfK<br \/>\nGZ: Gemeindezentrum, Bastiengasse 18<br \/>\nJuKe: Jugendkeller, im GZ<br \/>\nPfH: Pfarrhaus, Bischof Faber-Platz 7<br \/>\nJNK: Johannes Nepomuk Kapelle, Gersthoferstra\u00dfe 129<\/h5>\n<h2>Hochfest der Geburt Jesu Christi<\/h2>\n<p><strong>Mo., 24. 12. &#8211; Heiliger Abend<\/strong><\/p>\n<p>Das Friedenslicht von Betlehem<br \/>\nwird ab 10.00 Uhr im Vorraum der Kirche (rechts) brennen und kann f\u00fcr zu Hause abgeholt werden. Bitte beachten Sie auch unser Informationsblatt und nehmen Sie auch dieses mit nach Hause!<br \/>\n10.00 Uhr PfK: Ministrantenprobe f\u00fcr die Mette<br \/>\n10.15 Uhr Pensionistenwohnhaus \u201eAn der T\u00fcrkenschanze\u201c: Gottesdienst<br \/>\n15.30 Uhr Klinik Wielemansgasse: Gottesdienst<br \/>\n16.00 Uhr PfK: Wort-Gottes-Feier &#8211; Krippengang<br \/>\n18.00 Uhr PfK: Gottesdienst &#8222;Am Hl. Abend&#8220;<br \/>\n23.30 Uhr PfK: Einstimmung zur Christmette<br \/>\n<strong>Di, 25. 12. &#8211; Christtag<\/strong><br \/>\n00.00 Uhr Christmette in der Pfarrkirche &#8211; anschlie\u00dfend im Vorraum der Kirche: Punsch<br \/>\n9.30 Uhr PfK: Festgottesdienst<br \/>\n11.30 Uhr JNK: Gottesdienst<br \/>\n18.10 Uhr PfK\/OK: Vesper-Gebet<br \/>\n18.30 Uhr PfK: Gottesdienst am Vorabend<\/p>\n<h3>Das Weihnachtsevangelium<\/h3>\n<p>(Lukas, 2. Kapitel, Verse 1-17 &#8211; Einheits\u00fcbersetzung 2016)<\/p>\n<p>Es geschah aber in jenen Tagen, dass Kaiser Augustus den Befehl erlie\u00df, den ganzen Erdkreis in Steuerlisten einzutragen. Diese Aufzeichnung war die erste; damals war Quirinius Statthalter von Syrien. &nbsp;Da ging jeder in seine Stadt, um sich eintragen zu lassen. &nbsp;So zog auch Josef von der Stadt Nazaret in Galil\u00e4a hinauf nach Jud\u00e4a in die Stadt Davids, die Betlehem hei\u00dft; denn er war aus dem Haus und Geschlecht Davids. Er wollte sich eintragen lassen mit Maria, seiner Verlobten, die ein Kind erwartete. Es geschah, als sie dort waren, da erf\u00fcllten sich die Tage, dass sie geb\u00e4ren sollte, und sie gebar ihren Sohn, den Erstgeborenen. Sie wickelte ihn in Windeln und legte ihn in eine Krippe, weil in der Herberge kein Platz f\u00fcr sie war. In dieser Gegend lagerten Hirten auf freiem Feld und hielten Nachtwache bei ihrer Herde. Da trat ein Engel des Herrn zu ihnen und die Herrlichkeit des Herrn umstrahlte sie und sie f\u00fcrchteten sich sehr. Der Engel sagte zu ihnen: \u201eF\u00fcrchtet euch nicht, denn siehe, ich verk\u00fcnde euch eine gro\u00dfe Freude, die dem ganzen Volk zuteilwerden soll: Heute ist euch in der Stadt Davids der Retter geboren; er ist der Christus, der Herr. Und das soll euch als Zeichen dienen: Ihr werdet ein Kind finden, das, in Windeln gewickelt, in einer Krippe liegt.\u201c Und pl\u00f6tzlich war bei dem Engel ein gro\u00dfes himmlisches Heer, das Gott lobte und sprach: \u201eEhre sei Gott in der H\u00f6he und Friede auf Erden den Menschen seines Wohlgefallens.\u201c Und es geschah, als die Engel von ihnen in den Himmel zur\u00fcckgekehrt waren, sagten die Hirten zueinander: \u201eLasst uns nach Betlehem gehen, um das Ereignis zu sehen, das uns der Herr kundgetan hat!\u201c So eilten sie hin und fanden Maria und Josef und das Kind, das in der Krippe lag. Als sie es sahen, erz\u00e4hlten sie von dem Wort, das ihnen \u00fcber dieses Kind gesagt worden war. Und alle, die es h\u00f6rten, staunten \u00fcber das, was ihnen von den Hirten erz\u00e4hlt wurde. Maria aber bewahrte alle diese Worte und erwog sie in ihrem Herzen. Die Hirten kehrten zur\u00fcck, r\u00fchmten Gott und priesen ihn f\u00fcr alles, was sie geh\u00f6rt und gesehen hatten, so wie es ihnen gesagt worden war.<\/p>\n<p>&nbsp;<\/p>\n<p><strong>Mi., 26. 12. Festtag des Hl. Stephanus<\/strong><br \/>\n9.30 Uhr PfK: Gottesdienst als \u201eWeihnachtshochamt\u201c \u2013 musikalische Gestaltung durch die Kantorei<br \/>\n11.30 Uhr JNK: Gottesdienst<\/p>\n<p>Do., 27. 12. Gedenktag des Heiligen Johannes<br \/>\n8.00 Uhr PfK\/OK: Gottesdienst<\/p>\n<p>Fr., 28. 12. Fest Unschuldige Kinder<br \/>\n8.00 Uhr PfK\/OK: Gottesdienst<\/p>\n<p>Sa., 29. 12. Gedenktag des Hl. Thomas Becket<br \/>\n18.30 Uhr PfK: Gottesdienst am Vorabend<\/p>\n<p><strong>So., 30. 12. &#8211; Fest der Heiligen Familie<\/strong><br \/>\n9.30 Uhr PfK: Gemeindegottesdienst<\/p>\n<p>Mo., 31. 12., Silvester<br \/>\n15.30 Uhr, Klinik Wielemansgasse: Gottedienste<br \/>\n17.00 Uhr, PfK: <strong>Jahresschluss-Gottesdienst<\/strong>, Predigt: Dr. Claus Raidl<\/p>\n<p><strong>Di., 1. 1. Neujahr<\/strong><br \/>\n9.30 Uhr PfK: Gottesdienst<br \/>\n11.30 Uhr JNK: Gottesdienst<br \/>\n18.00-19.30 PfK: Anbetung<\/p>\n<h3>Sternsingeraktion &#8211; Drei-K\u00f6nigs-Aktion im Gebiet von Gersthof<\/h3>\n<p>Am 3.1. Nachmittag, 4.1., 5.1. &amp; 6.1. ganztags, 7.1. &amp; 8.1. nachmittags.<br \/>\nWir bitten um gute Aufnahme!<\/p>\n<p>Mi., 2. \u2013 Fr., 4. 1.<br \/>\n8.00 Uhr PfK\/OK: Gottesdienst<\/p>\n<p>Sa., 5. 1.<br \/>\n18.00 Uhr Pfk\/OK: Vesper\u2013Abendgebet als Lichtfeier Segnung von Wasser, Weihrauch und Kreide<br \/>\n18.30 Uhr PfK: Gottesdienst am Vorabend mit Besuch von Sternsingern<\/p>\n<p><strong>Sa., 6. 1. &#8211; Epiphanie \u2013 Hochfest der Erscheinung des Herrn<\/strong><br \/>\n9.30Uhr PfK: Gottesdienst mit Besuch von Sternsingern<br \/>\n11.30 Uhr JNK: Gottesdienst mit Besuch von Sternsingern<\/p>\n<p><strong>So., 13. 1. &#8211; Fest der Taufe des Herrn<\/strong><br \/>\nGottesdienste in der PfK<br \/>\n18.30 am Samstag-Vorabend, am Sonntag: 8.30 Uhr, 18.30 Uhr<br \/>\n10.00 Uhr, sowie im GZ: Kinderkirche, anschl. Pfarrkaffee<br \/>\nGottesdienst in der JNK: 11.30 Uhr<\/p>\n<p><strong>Ende der Weihnachtszeit<\/strong><\/p>\n","protected":false},"excerpt":{"rendered":"<p>Viel Freude zum Weihnachtsfest unter dem Leitwort \u201eGott spricht mich an zum Menschwerden\u201c M\u00f6gen sich Himmel und Erde in deinem\/Ihrem und unserem Leben immer wieder ber\u00fchren. Dass uns die tiefe Erfahrung des Weihnachtsfestes als Fest der Menschwerdung Gottes erfahrbar wird, w\u00fcnschen und erbitten f\u00fcr uns alle: Pfr. Norbert , Kaplan Suresh, Diakon Toni, Diakon Uwe, [&hellip;]<\/p>\n","protected":false},"author":2,"featured_media":2941,"comment_status":"open","ping_status":"open","sticky":false,"template":"","format":"standard","meta":{"ngg_post_thumbnail":0,"footnotes":""},"categories":[7],"tags":[],"class_list":{"0":"post-5498","1":"post","2":"type-post","3":"status-publish","4":"format-standard","5":"has-post-thumbnail","7":"category-archiv"},"publishpress_future_action":{"enabled":false,"date":"2026-05-07 10:35:52","action":"category","newStatus":"draft","terms":[],"taxonomy":"category","extraData":[]},"publishpress_future_workflow_manual_trigger":{"enabledWorkflows":[]},"_links":{"self":[{"href":"https:\/\/www.pfarregersthof.at\/komm\/wp-json\/wp\/v2\/posts\/5498","targetHints":{"allow":["GET"]}}],"collection":[{"href":"https:\/\/www.pfarregersthof.at\/komm\/wp-json\/wp\/v2\/posts"}],"about":[{"href":"https:\/\/www.pfarregersthof.at\/komm\/wp-json\/wp\/v2\/types\/post"}],"author":[{"embeddable":true,"href":"https:\/\/www.pfarregersthof.at\/komm\/wp-json\/wp\/v2\/users\/2"}],"replies":[{"embeddable":true,"href":"https:\/\/www.pfarregersthof.at\/komm\/wp-json\/wp\/v2\/comments?post=5498"}],"version-history":[{"count":5,"href":"https:\/\/www.pfarregersthof.at\/komm\/wp-json\/wp\/v2\/posts\/5498\/revisions"}],"predecessor-version":[{"id":5511,"href":"https:\/\/www.pfarregersthof.at\/komm\/wp-json\/wp\/v2\/posts\/5498\/revisions\/5511"}],"wp:featuredmedia":[{"embeddable":true,"href":"https:\/\/www.pfarregersthof.at\/komm\/wp-json\/wp\/v2\/media\/2941"}],"wp:attachment":[{"href":"https:\/\/www.pfarregersthof.at\/komm\/wp-json\/wp\/v2\/media?parent=5498"}],"wp:term":[{"taxonomy":"category","embeddable":true,"href":"https:\/\/www.pfarregersthof.at\/komm\/wp-json\/wp\/v2\/categories?post=5498"},{"taxonomy":"post_tag","embeddable":true,"href":"https:\/\/www.pfarregersthof.at\/komm\/wp-json\/wp\/v2\/tags?post=5498"}],"curies":[{"name":"wp","href":"https:\/\/api.w.org\/{rel}","templated":true}]}}