{"id":5544,"date":"2019-01-22T17:28:33","date_gmt":"2019-01-22T16:28:33","guid":{"rendered":"https:\/\/www.pfarregersthof.at\/komm\/?p=5544"},"modified":"2019-09-24T13:13:05","modified_gmt":"2019-09-24T12:13:05","slug":"danke-fuer-weihnachts-kollekten","status":"publish","type":"post","link":"https:\/\/www.pfarregersthof.at\/komm\/2019\/01\/danke-fuer-weihnachts-kollekten\/","title":{"rendered":"Danke f\u00fcr Weihnachts-Kollekten"},"content":{"rendered":"<p>Ein <strong>Dankesch\u00f6n<\/strong> f\u00fcr die Kollekten:<\/p>\n<p>Beim Krippengang: wir konnten an Concordia Sozialprojekte \u20ac 432,13 und an die Caritas (8 Mutter\u2013Kind Schlafpl\u00e4tze) \u20ac 264 und f\u00fcr Alphabetisierung von Frauen in der Republik Kongo \u20ac 165 \u00fcberweisen<\/p>\n<p>Bei der mittern\u00e4chtlichen Mette: f\u00fcr die Bosnienhilfe von Annemarie Kury \u20ac 402,54 und f\u00fcr das Caritas \u201eMutter Kind Haus\u201c \u20ac 402,54<\/p>\n<p><span style=\"color: #3366ff;\"><em>Pfr. Norbert, Gerda Winner<\/em><\/span><\/p>\n","protected":false},"excerpt":{"rendered":"<p>Ein Dankesch\u00f6n f\u00fcr die Kollekten: Beim Krippengang: wir konnten an Concordia Sozialprojekte \u20ac 432,13 und an die Caritas (8 Mutter\u2013Kind Schlafpl\u00e4tze) \u20ac 264 und f\u00fcr Alphabetisierung von Frauen in der Republik Kongo \u20ac 165 \u00fcberweisen Bei der mittern\u00e4chtlichen Mette: f\u00fcr die Bosnienhilfe von Annemarie Kury \u20ac 402,54 und f\u00fcr das Caritas \u201eMutter Kind Haus\u201c \u20ac [&hellip;]<\/p>\n","protected":false},"author":2,"featured_media":0,"comment_status":"open","ping_status":"open","sticky":false,"template":"","format":"standard","meta":{"ngg_post_thumbnail":0,"footnotes":""},"categories":[7],"tags":[],"class_list":{"0":"post-5544","1":"post","2":"type-post","3":"status-publish","4":"format-standard","6":"category-archiv"},"publishpress_future_action":{"enabled":false,"date":"2026-05-05 17:50:49","action":"category","newStatus":"draft","terms":[],"taxonomy":"category","extraData":[]},"publishpress_future_workflow_manual_trigger":{"enabledWorkflows":[]},"_links":{"self":[{"href":"https:\/\/www.pfarregersthof.at\/komm\/wp-json\/wp\/v2\/posts\/5544","targetHints":{"allow":["GET"]}}],"collection":[{"href":"https:\/\/www.pfarregersthof.at\/komm\/wp-json\/wp\/v2\/posts"}],"about":[{"href":"https:\/\/www.pfarregersthof.at\/komm\/wp-json\/wp\/v2\/types\/post"}],"author":[{"embeddable":true,"href":"https:\/\/www.pfarregersthof.at\/komm\/wp-json\/wp\/v2\/users\/2"}],"replies":[{"embeddable":true,"href":"https:\/\/www.pfarregersthof.at\/komm\/wp-json\/wp\/v2\/comments?post=5544"}],"version-history":[{"count":1,"href":"https:\/\/www.pfarregersthof.at\/komm\/wp-json\/wp\/v2\/posts\/5544\/revisions"}],"predecessor-version":[{"id":5545,"href":"https:\/\/www.pfarregersthof.at\/komm\/wp-json\/wp\/v2\/posts\/5544\/revisions\/5545"}],"wp:attachment":[{"href":"https:\/\/www.pfarregersthof.at\/komm\/wp-json\/wp\/v2\/media?parent=5544"}],"wp:term":[{"taxonomy":"category","embeddable":true,"href":"https:\/\/www.pfarregersthof.at\/komm\/wp-json\/wp\/v2\/categories?post=5544"},{"taxonomy":"post_tag","embeddable":true,"href":"https:\/\/www.pfarregersthof.at\/komm\/wp-json\/wp\/v2\/tags?post=5544"}],"curies":[{"name":"wp","href":"https:\/\/api.w.org\/{rel}","templated":true}]}}