{"id":5549,"date":"2019-01-27T18:23:04","date_gmt":"2019-01-27T17:23:04","guid":{"rendered":"https:\/\/www.pfarregersthof.at\/komm\/?p=5549"},"modified":"2019-02-18T12:03:51","modified_gmt":"2019-02-18T11:03:51","slug":"multireligioeses-bezirksforum-12-2","status":"publish","type":"post","link":"https:\/\/www.pfarregersthof.at\/komm\/2019\/01\/multireligioeses-bezirksforum-12-2\/","title":{"rendered":"Multireligi\u00f6ses Bezirksforum (12.2.)"},"content":{"rendered":"<p>Herzliche Einladung zum&nbsp; Multireligi\u00f6sen Bezirksforum W\u00e4hring \u2013 MRBF18 -, diesmal mit dem Thema: \u201eReligion: Essen und Trinken\u201c.<\/p>\n<p>Wann: <strong>Dienstag, 12.02.2019 um 18.00 Uhr.<\/strong> Wo: Gemeindezentrum der Pfarre Gersthof, Bastiengasse 18.<\/p>\n<p>Auf zahlreiche Teilnahme hoffen<br \/>\n<span style=\"color: #3366ff;\"><em>Pfarrer Norbert Rodt und Heinrich Bica<\/em><\/span><\/p>\n","protected":false},"excerpt":{"rendered":"<p>Herzliche Einladung zum&nbsp; Multireligi\u00f6sen Bezirksforum W\u00e4hring \u2013 MRBF18 -, diesmal mit dem Thema: \u201eReligion: Essen und Trinken\u201c. Wann: Dienstag, 12.02.2019 um 18.00 Uhr. Wo: Gemeindezentrum der Pfarre Gersthof, Bastiengasse 18. Auf zahlreiche Teilnahme hoffen Pfarrer Norbert Rodt und Heinrich Bica<\/p>\n","protected":false},"author":2,"featured_media":0,"comment_status":"open","ping_status":"open","sticky":false,"template":"","format":"standard","meta":{"ngg_post_thumbnail":0,"footnotes":""},"categories":[7],"tags":[],"class_list":{"0":"post-5549","1":"post","2":"type-post","3":"status-publish","4":"format-standard","6":"category-archiv"},"publishpress_future_action":{"enabled":false,"date":"2026-05-05 19:23:47","action":"category","newStatus":"draft","terms":[],"taxonomy":"category","extraData":[]},"publishpress_future_workflow_manual_trigger":{"enabledWorkflows":[]},"_links":{"self":[{"href":"https:\/\/www.pfarregersthof.at\/komm\/wp-json\/wp\/v2\/posts\/5549","targetHints":{"allow":["GET"]}}],"collection":[{"href":"https:\/\/www.pfarregersthof.at\/komm\/wp-json\/wp\/v2\/posts"}],"about":[{"href":"https:\/\/www.pfarregersthof.at\/komm\/wp-json\/wp\/v2\/types\/post"}],"author":[{"embeddable":true,"href":"https:\/\/www.pfarregersthof.at\/komm\/wp-json\/wp\/v2\/users\/2"}],"replies":[{"embeddable":true,"href":"https:\/\/www.pfarregersthof.at\/komm\/wp-json\/wp\/v2\/comments?post=5549"}],"version-history":[{"count":1,"href":"https:\/\/www.pfarregersthof.at\/komm\/wp-json\/wp\/v2\/posts\/5549\/revisions"}],"predecessor-version":[{"id":5550,"href":"https:\/\/www.pfarregersthof.at\/komm\/wp-json\/wp\/v2\/posts\/5549\/revisions\/5550"}],"wp:attachment":[{"href":"https:\/\/www.pfarregersthof.at\/komm\/wp-json\/wp\/v2\/media?parent=5549"}],"wp:term":[{"taxonomy":"category","embeddable":true,"href":"https:\/\/www.pfarregersthof.at\/komm\/wp-json\/wp\/v2\/categories?post=5549"},{"taxonomy":"post_tag","embeddable":true,"href":"https:\/\/www.pfarregersthof.at\/komm\/wp-json\/wp\/v2\/tags?post=5549"}],"curies":[{"name":"wp","href":"https:\/\/api.w.org\/{rel}","templated":true}]}}