{"id":5551,"date":"2019-01-27T18:25:34","date_gmt":"2019-01-27T17:25:34","guid":{"rendered":"https:\/\/www.pfarregersthof.at\/komm\/?p=5551"},"modified":"2019-02-02T17:04:34","modified_gmt":"2019-02-02T16:04:34","slug":"stolpersteine-auf-dem-weg-der-oekumene-29-1","status":"publish","type":"post","link":"https:\/\/www.pfarregersthof.at\/komm\/2019\/01\/stolpersteine-auf-dem-weg-der-oekumene-29-1\/","title":{"rendered":"&#8222;Stolpersteine auf dem Weg der \u00d6kumene&#8220; (29.1.)"},"content":{"rendered":"<p>Am <strong>Dienstag, 29. J\u00e4nner, um 19.00 Uhr<\/strong> findet der Festvortrag anl\u00e4sslich der Weltgebetswoche um die Einheit der Christen (die \u00d6kumene) im W\u00e4hringer Rathaus, Festsaal, (<strong>1180 Wien, Martinstrasse 100<\/strong>) statt:<br \/>\nDer evangelische Bischof A.B. Dr. Michael B\u00fcnker spricht zum Thema: \u201eStolpersteine auf dem Weg der \u00d6kumene \u2013 bisher und k\u00fcnftig!\u201c<\/p>\n<p>Auf gro\u00dfes Interesse und zahlreiche Teilnahme hoffen<br \/>\n<span style=\"color: #3366ff;\"><em>Pfarrer Dr. Norbert Rodt und Dr. Heinrich Bica<\/em><\/span><\/p>\n","protected":false},"excerpt":{"rendered":"<p>Am Dienstag, 29. J\u00e4nner, um 19.00 Uhr findet der Festvortrag anl\u00e4sslich der Weltgebetswoche um die Einheit der Christen (die \u00d6kumene) im W\u00e4hringer Rathaus, Festsaal, (1180 Wien, Martinstrasse 100) statt: Der evangelische Bischof A.B. Dr. Michael B\u00fcnker spricht zum Thema: \u201eStolpersteine auf dem Weg der \u00d6kumene \u2013 bisher und k\u00fcnftig!\u201c Auf gro\u00dfes Interesse und zahlreiche Teilnahme [&hellip;]<\/p>\n","protected":false},"author":2,"featured_media":0,"comment_status":"open","ping_status":"open","sticky":false,"template":"","format":"standard","meta":{"ngg_post_thumbnail":0,"footnotes":""},"categories":[7],"tags":[],"class_list":{"0":"post-5551","1":"post","2":"type-post","3":"status-publish","4":"format-standard","6":"category-archiv"},"publishpress_future_action":{"enabled":false,"date":"2026-05-05 20:45:26","action":"category","newStatus":"draft","terms":[],"taxonomy":"category","extraData":[]},"publishpress_future_workflow_manual_trigger":{"enabledWorkflows":[]},"_links":{"self":[{"href":"https:\/\/www.pfarregersthof.at\/komm\/wp-json\/wp\/v2\/posts\/5551","targetHints":{"allow":["GET"]}}],"collection":[{"href":"https:\/\/www.pfarregersthof.at\/komm\/wp-json\/wp\/v2\/posts"}],"about":[{"href":"https:\/\/www.pfarregersthof.at\/komm\/wp-json\/wp\/v2\/types\/post"}],"author":[{"embeddable":true,"href":"https:\/\/www.pfarregersthof.at\/komm\/wp-json\/wp\/v2\/users\/2"}],"replies":[{"embeddable":true,"href":"https:\/\/www.pfarregersthof.at\/komm\/wp-json\/wp\/v2\/comments?post=5551"}],"version-history":[{"count":2,"href":"https:\/\/www.pfarregersthof.at\/komm\/wp-json\/wp\/v2\/posts\/5551\/revisions"}],"predecessor-version":[{"id":5562,"href":"https:\/\/www.pfarregersthof.at\/komm\/wp-json\/wp\/v2\/posts\/5551\/revisions\/5562"}],"wp:attachment":[{"href":"https:\/\/www.pfarregersthof.at\/komm\/wp-json\/wp\/v2\/media?parent=5551"}],"wp:term":[{"taxonomy":"category","embeddable":true,"href":"https:\/\/www.pfarregersthof.at\/komm\/wp-json\/wp\/v2\/categories?post=5551"},{"taxonomy":"post_tag","embeddable":true,"href":"https:\/\/www.pfarregersthof.at\/komm\/wp-json\/wp\/v2\/tags?post=5551"}],"curies":[{"name":"wp","href":"https:\/\/api.w.org\/{rel}","templated":true}]}}